{"id":70466,"date":"2023-01-13T15:06:19","date_gmt":"2023-01-13T14:06:19","guid":{"rendered":"https:\/\/nszzp.wroclaw.pl\/?p=70466"},"modified":"2023-01-13T15:07:41","modified_gmt":"2023-01-13T14:07:41","slug":"kamerki-prawdziwa-historia-z-komendy-miejskiej-policji-we-wroclawiu-w-tle-postepowanie-dyscyplinarne-wobec-policjanta-ktory-pomogl","status":"publish","type":"post","link":"http:\/\/nszzp.wroclaw.pl\/index.php\/2023\/01\/13\/kamerki-prawdziwa-historia-z-komendy-miejskiej-policji-we-wroclawiu-w-tle-postepowanie-dyscyplinarne-wobec-policjanta-ktory-pomogl\/","title":{"rendered":"Kamerki &#8211; prawdziwa historia z Komendy Miejskiej Policji we Wroc\u0142awiu w tle post\u0119powanie dyscyplinarne wobec policjanta, kt\u00f3ry pom\u00f3g\u0142!"},"content":{"rendered":"\n<p><em>&nbsp;&nbsp;&nbsp; Zacz\u0119\u0142o si\u0119 jak zwykle, od portalu spo\u0142eczno\u015bciowego na facebooku! Jeden z jego u\u017cytkownik\u00f3w napisa\u0142 do nas o problemie dotycz\u0105cym z\u0142ego funkcjonowania kamerek nasobnych b\u0119d\u0105cych na wyposa\u017ceniu policjant\u00f3w WRD KMP we Wroc\u0142awiu. Poprosili\u015bmy, aby osoba ta opisa\u0142a nam na czym polega problem, przekazuj\u0105c swoje uwagi drog\u0105 mailow\u0105. Wg osoby zg\u0142aszaj\u0105cej kamerki zawiesza\u0142y si\u0119, urywa\u0142y si\u0119 nagrania oraz roz\u0142adowywa\u0142y si\u0119 baterie.<\/em><\/p>\n\n\n\n<p><em>&nbsp; Ma\u0142o tego! W wyniku wydanych polece\u0144 prze\u0142o\u017conych s\u0142u\u017cbowych pojawi\u0142 si\u0119 kolejny problem! Za niezarejestrowanie interwencji kamer\u0105 nasobn\u0105 mo\u017cna by\u0142o mie\u0107 wszcz\u0119te post\u0119powanie dyscyplinarne w zwi\u0105zku z naruszeniem dyscypliny s\u0142u\u017cbowej. <strong>Tak zreszt\u0105 sta\u0142o si\u0119 wobec osoby zg\u0142aszaj\u0105cej do nas opisywany problem<\/strong>. Policjanci zg\u0142aszali opisywane usterki sporz\u0105dzaj\u0105c notatki s\u0142u\u017cbowe. Jednak jak twierdzi\u0142 zg\u0142aszaj\u0105cy nie wychodzi\u0142y one poza Wydzia\u0142 Ruchu Drogowego.<\/em><\/p>\n\n\n\n<p><em>&nbsp; Aby zbada\u0107 opisywan\u0105 spraw\u0119 skontaktowali\u015bmy si\u0119 z \u00f3wczesnym Wiceprzewodnicz\u0105cym Zarz\u0105du Terenowego Komendy Miejskiej we Wroc\u0142awiu koleg\u0105 Robertem Pietrzakiem, kt\u00f3ry po pierwsze przeprowadzi\u0142 szereg rozm\u00f3w z osobami zajmuj\u0105cymi si\u0119 kamerkami zar\u00f3wno w zakresie ich funkcjonowania i dokonywania niezb\u0119dnych napraw a nast\u0119pnie swoje pytania i uwagi przekaza\u0142 Komendantowi Miejskiemu Policji we Wroc\u0142awiu, kt\u00f3ry przekaza\u0142 tej organizacji odpowied\u017a w postaci notatki asystenta Zespo\u0142u \u0141\u0105czno\u015bci.&nbsp; &nbsp;<\/em><\/p>\n\n\n\n<p><em>&nbsp;Jednocze\u015bnie niezale\u017cnie od opisywanych powy\u017cej czynno\u015bci, uruchomili\u015bmy wsp\u00f3\u0142pracuj\u0105c\u0105 z nami od wielu lat Kancelari\u0119 Adwokack\u0105, kt\u00f3ra podj\u0119\u0142a czynno\u015bci w post\u0119powaniu dyscyplinarnym. Pomimo braku dowod\u00f3w Komendant Miejski Policji najpierw uzna\u0142, \u017ce policjant dopu\u015bci\u0142 si\u0119 naruszenia dyscypliny s\u0142u\u017cbowej uznaj\u0105c go winnym zarzucanego mu czynu jednocze\u015bnie odst\u0105pi\u0142 od wymierzenia kary. <strong>Policjant w porozumieniu z mecenas Ann\u0105 Kwiatkowsk\u0105- Krzy\u017cak podj\u0119li decyzj\u0119 o odwo\u0142aniu si\u0119 od powy\u017cszego orzeczenia. <u>W wyniku przeprowadzonych czynno\u015bci w post\u0119powaniu odwo\u0142awczym Komendant Wojew\u00f3dzki Policji zwr\u00f3ci\u0142 post\u0119powanie do ponownego rozpoznania a Komendant Miejski Policji we Wroc\u0142awiu wyda\u0142 orzeczenie o uniewinnieniu policjanta<\/u>.<\/strong><\/em><\/p>\n\n\n\n<p><strong><em>&nbsp;<\/em><\/strong><em>Na pocz\u0105tku lutego 2022 roku jako Zarz\u0105d Wojew\u00f3dzki NSZZP woj. dolno\u015bl\u0105skiego przekazali\u015bmy pismo do Komendanta Miejskiego Policji we Wroc\u0142awiu z dokonan\u0105 przez nas analiz\u0105 zg\u0142aszanych problem\u00f3w oraz wnioskami:<\/em><\/p>\n\n\n\n<ol class=\"wp-block-list\" type=\"1\"><li><em>Przeanalizowanie mo\u017cliwo\u015bci dalszego u\u017cytkowania kamer z firmy Lifor sp. z.o.o, tym bardziej dokonywania dalszych zakup\u00f3w kamer tej firmy.<\/em><\/li><li><em>Zaprzestanie dzia\u0142a\u0144 zmierzaj\u0105cych do karania policjant\u00f3w za nieprawid\u0142owe dzia\u0142anie kamerek nasobnych.<\/em><\/li><li><em>Przywr\u00f3cenie mo\u017cliwo\u015bci podgl\u0105du obrazu na ekranie kamery nasobnej przez policjanta u\u017cytkuj\u0105cego kamerki.<\/em><\/li><\/ol>\n\n\n\n<p><em>\u00a0\u00a0 Niestety do dnia dzisiejszego nie otrzymali\u015bmy \u017cadnej odpowiedzi na nasze wyst\u0105pienie od Pana Komendanta Miejskiego we Wroc\u0142awiu. Jednak\u017ce z uzyskanych przez nas informacji wiemy, \u017ce wadliwe kamerki zosta\u0142y wycofane i co najwa\u017cniejsze policjant zosta\u0142 uniewinniony! <strong><u>Policjant, kt\u00f3ry jak wynika z samego uzasadnienia orzeczenia by\u0142 policjantem sumiennym i zdyscyplinowanym a tego dnia, gdy przesta\u0142a dzia\u0142a\u0107 mu kamerka przewi\u00f3z\u0142 b\u0142\u0105kaj\u0105c\u0105 si\u0119 osob\u0119 na stacj\u0119 paliw ofiarowuj\u0105c jej pieni\u0105dze na zakup biletu celem powrotu do miejsca zamieszkania oraz kawy \u00a0\u00a0<\/u><\/strong><\/em><\/p>\n\n\n\n<div class=\"wp-block-file\"><a id=\"wp-block-file--media-623d9fd5-2059-4fe6-a1f8-ab246841de00\" href=\"http:\/\/nszzp.wroclaw.pl\/wp-content\/uploads\/2023\/01\/Pismo-do-KMP-str-1-2-scaled.jpg\">Pismo do KMP str. 1<\/a><a href=\"http:\/\/nszzp.wroclaw.pl\/wp-content\/uploads\/2023\/01\/Pismo-do-KMP-str-1-2-scaled.jpg\" class=\"wp-block-file__button\" download aria-describedby=\"wp-block-file--media-623d9fd5-2059-4fe6-a1f8-ab246841de00\">Pobierz<\/a><\/div>\n\n\n\n<div class=\"wp-block-file\"><a id=\"wp-block-file--media-0b52b4fb-2bc9-4d6f-bc80-447e00120656\" href=\"http:\/\/nszzp.wroclaw.pl\/wp-content\/uploads\/2023\/01\/Pismo-do-KMP-str-2-3-scaled.jpg\">Pismo do KMP str. 2<\/a><a href=\"http:\/\/nszzp.wroclaw.pl\/wp-content\/uploads\/2023\/01\/Pismo-do-KMP-str-2-3-scaled.jpg\" class=\"wp-block-file__button\" download aria-describedby=\"wp-block-file--media-0b52b4fb-2bc9-4d6f-bc80-447e00120656\">Pobierz<\/a><\/div>\n\n\n\n<div class=\"wp-block-file\"><a id=\"wp-block-file--media-9b5fefe6-8227-4b83-8079-69526e75a8a5\" href=\"http:\/\/nszzp.wroclaw.pl\/wp-content\/uploads\/2023\/01\/Pismo-do-KMP-str-3-2-scaled.jpg\">Pismo do KMP str. 3<\/a><a href=\"http:\/\/nszzp.wroclaw.pl\/wp-content\/uploads\/2023\/01\/Pismo-do-KMP-str-3-2-scaled.jpg\" class=\"wp-block-file__button\" download aria-describedby=\"wp-block-file--media-9b5fefe6-8227-4b83-8079-69526e75a8a5\">Pobierz<\/a><\/div>\n\n\n\n<div class=\"wp-block-file\"><a id=\"wp-block-file--media-93fd1d12-db63-4260-afaf-5683e9f72819\" href=\"http:\/\/nszzp.wroclaw.pl\/wp-content\/uploads\/2023\/01\/Pismo-do-KMP-str-4-scaled.jpg\">Pismo do KMP str. 4<\/a><a href=\"http:\/\/nszzp.wroclaw.pl\/wp-content\/uploads\/2023\/01\/Pismo-do-KMP-str-4-2-scaled.jpg\" class=\"wp-block-file__button\" download aria-describedby=\"wp-block-file--media-93fd1d12-db63-4260-afaf-5683e9f72819\">Pobierz<\/a><\/div>\n\n\n\n<div class=\"wp-block-file\"><a id=\"wp-block-file--media-4cc58989-e83f-4f6f-963b-544d2be8d673\" href=\"http:\/\/nszzp.wroclaw.pl\/wp-content\/uploads\/2023\/01\/Orzeczenie-nr-1-1-scaled.jpg\">orzeczenie Komendanta Miejskiego we Wroc\u0142awiu str. 1<\/a><a href=\"http:\/\/nszzp.wroclaw.pl\/wp-content\/uploads\/2023\/01\/Orzeczenie-nr-1-1-scaled.jpg\" class=\"wp-block-file__button\" download aria-describedby=\"wp-block-file--media-4cc58989-e83f-4f6f-963b-544d2be8d673\">Pobierz<\/a><\/div>\n\n\n\n<div class=\"wp-block-file\"><a id=\"wp-block-file--media-05e6e5c8-9194-405f-98ee-90f8bf06faca\" href=\"http:\/\/nszzp.wroclaw.pl\/wp-content\/uploads\/2023\/01\/Orzeczenie-nr-2-2-scaled.jpg\">orzeczenie Komendanta Miejskiego we Wroc\u0142awiu str. 2<\/a><a href=\"http:\/\/nszzp.wroclaw.pl\/wp-content\/uploads\/2023\/01\/Orzeczenie-nr-2-2-scaled.jpg\" class=\"wp-block-file__button\" download aria-describedby=\"wp-block-file--media-05e6e5c8-9194-405f-98ee-90f8bf06faca\">Pobierz<\/a><\/div>\n\n\n\n<div class=\"wp-block-file\"><a id=\"wp-block-file--media-a97df201-82b6-4cb0-b331-1e64a2cc4a6a\" href=\"http:\/\/nszzp.wroclaw.pl\/wp-content\/uploads\/2023\/01\/Orzeczenie-nr-3-1-scaled.jpg\">orzeczenie Komendanta Miejskiego we Wroc\u0142awiu str. 3<\/a><a href=\"http:\/\/nszzp.wroclaw.pl\/wp-content\/uploads\/2023\/01\/Orzeczenie-nr-3-1-scaled.jpg\" class=\"wp-block-file__button\" download aria-describedby=\"wp-block-file--media-a97df201-82b6-4cb0-b331-1e64a2cc4a6a\">Pobierz<\/a><\/div>\n\n\n\n<div class=\"wp-block-file\"><a id=\"wp-block-file--media-6ae625d6-4507-4e97-9126-aa429052254d\" href=\"http:\/\/nszzp.wroclaw.pl\/wp-content\/uploads\/2023\/01\/Orzeczenie-nr-4-scaled.jpg\">orzeczenie Komendanta Miejskiego we Wroc\u0142awiu str. 4<\/a><a href=\"http:\/\/nszzp.wroclaw.pl\/wp-content\/uploads\/2023\/01\/Orzeczenie-nr-4-scaled.jpg\" class=\"wp-block-file__button\" download aria-describedby=\"wp-block-file--media-6ae625d6-4507-4e97-9126-aa429052254d\">Pobierz<\/a><\/div>\n\n\n\n<div class=\"wp-block-file\"><a id=\"wp-block-file--media-a6f37776-acf2-4061-b25e-e92b77c3b352\" href=\"http:\/\/nszzp.wroclaw.pl\/wp-content\/uploads\/2023\/01\/Orzeczenie-nr-5-scaled.jpg\">orzeczenie Komendanta Miejskiego we Wroc\u0142awiu str. 5<\/a><a href=\"http:\/\/nszzp.wroclaw.pl\/wp-content\/uploads\/2023\/01\/Orzeczenie-nr-5-scaled.jpg\" class=\"wp-block-file__button\" download aria-describedby=\"wp-block-file--media-a6f37776-acf2-4061-b25e-e92b77c3b352\">Pobierz<\/a><\/div>\n\n\n\n<div class=\"wp-block-file\"><a id=\"wp-block-file--media-6da9606b-f621-42fa-a6a6-8d808ab25a9b\" href=\"http:\/\/nszzp.wroclaw.pl\/wp-content\/uploads\/2023\/01\/Orzeczenie-6-scaled.jpg\">orzeczenie Komendanta Miejskiego we Wroc\u0142awiu str. 6<\/a><a href=\"http:\/\/nszzp.wroclaw.pl\/wp-content\/uploads\/2023\/01\/Orzeczenie-6-scaled.jpg\" class=\"wp-block-file__button\" download aria-describedby=\"wp-block-file--media-6da9606b-f621-42fa-a6a6-8d808ab25a9b\">Pobierz<\/a><\/div>\n\n\n\n<div class=\"wp-block-file\"><a id=\"wp-block-file--media-9557d831-8dda-4aec-bd69-b3e71e8d52f0\" href=\"http:\/\/nszzp.wroclaw.pl\/wp-content\/uploads\/2023\/01\/Orzeczenie-7-scaled.jpg\">orzeczenie Komendanta Miejskiego we Wroc\u0142awiu str. 7<\/a><a href=\"http:\/\/nszzp.wroclaw.pl\/wp-content\/uploads\/2023\/01\/Orzeczenie-7-scaled.jpg\" class=\"wp-block-file__button\" download aria-describedby=\"wp-block-file--media-9557d831-8dda-4aec-bd69-b3e71e8d52f0\">Pobierz<\/a><\/div>\n\n\n\n<div class=\"wp-block-file\"><a id=\"wp-block-file--media-5bf92729-a879-491c-aaa7-f0c9db97b842\" href=\"http:\/\/nszzp.wroclaw.pl\/wp-content\/uploads\/2023\/01\/Orzeczenie-8-scaled.jpg\">orzeczenie Komendanta Miejskiego we Wroc\u0142awiu str. 8<\/a><a href=\"http:\/\/nszzp.wroclaw.pl\/wp-content\/uploads\/2023\/01\/Orzeczenie-8-scaled.jpg\" class=\"wp-block-file__button\" download aria-describedby=\"wp-block-file--media-5bf92729-a879-491c-aaa7-f0c9db97b842\">Pobierz<\/a><\/div>\n\n\n\n<div class=\"wp-block-file\"><a id=\"wp-block-file--media-ffc1e53a-3f75-4a14-b636-42de001b3aca\" href=\"http:\/\/nszzp.wroclaw.pl\/wp-content\/uploads\/2023\/01\/Orzeczenie-9-scaled.jpg\">orzeczenie Komendanta Miejskiego we Wroc\u0142awiu str. 9<\/a><a href=\"http:\/\/nszzp.wroclaw.pl\/wp-content\/uploads\/2023\/01\/Orzeczenie-9-scaled.jpg\" class=\"wp-block-file__button\" download aria-describedby=\"wp-block-file--media-ffc1e53a-3f75-4a14-b636-42de001b3aca\">Pobierz<\/a><\/div>\n","protected":false},"excerpt":{"rendered":"<p>&nbsp;&nbsp;&nbsp; Zacz\u0119\u0142o si\u0119 jak zwykle, od portalu spo\u0142eczno\u015bciowego na facebooku! Jeden z jego u\u017cytkownik\u00f3w napisa\u0142 do nas o problemie dotycz\u0105cym z\u0142ego funkcjonowania kamerek nasobnych b\u0119d\u0105cych na wyposa\u017ceniu policjant\u00f3w WRD KMP we Wroc\u0142awiu. Poprosili\u015bmy, aby osoba ta opisa\u0142a nam na czym polega problem, przekazuj\u0105c swoje uwagi drog\u0105 mailow\u0105. Wg osoby zg\u0142aszaj\u0105cej kamerki zawiesza\u0142y si\u0119, urywa\u0142y si\u0119 [&hellip;]<\/p>\n","protected":false},"author":1,"featured_media":0,"comment_status":"closed","ping_status":"closed","sticky":false,"template":"","format":"standard","meta":{"footnotes":""},"categories":[8],"tags":[],"class_list":["post-70466","post","type-post","status-publish","format-standard","hentry","category-kolumna-3"],"_links":{"self":[{"href":"http:\/\/nszzp.wroclaw.pl\/index.php\/wp-json\/wp\/v2\/posts\/70466","targetHints":{"allow":["GET"]}}],"collection":[{"href":"http:\/\/nszzp.wroclaw.pl\/index.php\/wp-json\/wp\/v2\/posts"}],"about":[{"href":"http:\/\/nszzp.wroclaw.pl\/index.php\/wp-json\/wp\/v2\/types\/post"}],"author":[{"embeddable":true,"href":"http:\/\/nszzp.wroclaw.pl\/index.php\/wp-json\/wp\/v2\/users\/1"}],"replies":[{"embeddable":true,"href":"http:\/\/nszzp.wroclaw.pl\/index.php\/wp-json\/wp\/v2\/comments?post=70466"}],"version-history":[{"count":2,"href":"http:\/\/nszzp.wroclaw.pl\/index.php\/wp-json\/wp\/v2\/posts\/70466\/revisions"}],"predecessor-version":[{"id":70495,"href":"http:\/\/nszzp.wroclaw.pl\/index.php\/wp-json\/wp\/v2\/posts\/70466\/revisions\/70495"}],"wp:attachment":[{"href":"http:\/\/nszzp.wroclaw.pl\/index.php\/wp-json\/wp\/v2\/media?parent=70466"}],"wp:term":[{"taxonomy":"category","embeddable":true,"href":"http:\/\/nszzp.wroclaw.pl\/index.php\/wp-json\/wp\/v2\/categories?post=70466"},{"taxonomy":"post_tag","embeddable":true,"href":"http:\/\/nszzp.wroclaw.pl\/index.php\/wp-json\/wp\/v2\/tags?post=70466"}],"curies":[{"name":"wp","href":"https:\/\/api.w.org\/{rel}","templated":true}]}}