{"id":70513,"date":"2023-03-21T18:21:05","date_gmt":"2023-03-21T17:21:05","guid":{"rendered":"https:\/\/nszzp.wroclaw.pl\/?p=70513"},"modified":"2023-03-22T07:57:31","modified_gmt":"2023-03-22T06:57:31","slug":"sukces-i-porazka-jednoczesnie","status":"publish","type":"post","link":"http:\/\/nszzp.wroclaw.pl\/index.php\/2023\/03\/21\/sukces-i-porazka-jednoczesnie\/","title":{"rendered":"<strong>Sukces i pora\u017cka jednocze\u015bnie!<\/strong>"},"content":{"rendered":"\n<p>&nbsp;&nbsp; Od wielu lat zwi\u0105zki zawodowe policjant\u00f3w stara\u0142y si\u0119 wyrzuci\u0107 z obrotu prawnego dwa niekorzystne dla policjant\u00f3w przepisy: art. 41 ust. 2 pkt 4 \u2013 \u201ezwolnienie z tytu\u0142u osi\u0105gni\u0119cia 30 lat wys\u0142ugi emerytalnej\u201d oraz art. 41 ust. 2 pkt 5- \u201ezwolnienie dla dobra s\u0142u\u017cby\u201d. O ile pierwszy z przepis\u00f3w by\u0142 stosowany bardzo rzadko i z punktu widzenia obecnej sytuacji na rynku pracy by\u0142 archaiczny, drugi z przepis\u00f3w od 2015 roku wg naszej oceny zacz\u0105\u0142 by\u0107 nadmiernie wykorzystywany przez stron\u0119 s\u0142u\u017cbow\u0105 jako podstawa do zwolnienia ze s\u0142u\u017cby!<\/p>\n\n\n\n<p>&nbsp; W ubieg\u0142ym roku jako Zarz\u0105d Wojew\u00f3dzki NSZZ P woj. dolno\u015bl\u0105skiego postanowili\u015bmy ponownie podj\u0105\u0107 pr\u00f3b\u0119 usuni\u0119cia z porz\u0105dku prawnego opisywanych artyku\u0142\u00f3w z Ustawy o Policji.<\/p>\n\n\n\n<p>&nbsp;&nbsp; <strong>W dniu 29 listopada 2022&nbsp; roku Konferencja Delegat\u00f3w woj. dolno\u015bl\u0105skiego jednog\u0142o\u015bnie podj\u0119\u0142a uchwa\u0142\u0119 w przedmiotowej kwestii!<\/strong> Z tre\u015bci uzasadnienia do powy\u017cszej uchwa\u0142y wynika m.in., i\u017c \u201e<strong>po 2015 roku nast\u0105pi\u0142 lawinowy wzrost ilo\u015bci funkcjonariuszy zwalnianych na podstawie art. 41 ust. 2 pkt 5.&nbsp; W 2015 roku <\/strong>w garnizonie dolno\u015bl\u0105skim <strong>zwolniono tylko 3 osoby<\/strong>, w 2016 roku ju\u017c 9 os\u00f3b, w 2017 roku \u2013 8 os\u00f3b , w 2018 roku 5 os\u00f3b a <strong>w 2019 roku a\u017c 23 osoby<\/strong> w 2020 roku natomiast 14 os\u00f3b a w okresie od 01 stycznia 2021 do 15 listopada 2021 roku &nbsp;ju\u017c <strong>16 os\u00f3b<\/strong>.&nbsp;<\/p>\n\n\n\n<p>&nbsp;Natomiast zmala\u0142a ilo\u015b\u0107 os\u00f3b zwalnianych na podstawie pozosta\u0142ych podstaw prawnych zawartych w art. 41 Ustawy o Policji.<\/p>\n\n\n\n<p>&nbsp; I tak na podstawie art. <em>41 ust 1 pkt 3 Ustawy o Policji<\/em>&nbsp; w 2015 roku zwolniono 3 osoby, w 2016 roku 5 os\u00f3b, 2017 roku 10 os\u00f3b a ju\u017c w latach 2019, 2020 i 2021 tylko po jednej osobie, pomimo i\u017c w wi\u0119kszo\u015bci przypadk\u00f3w os\u00f3b zwolnionych na podstawie art. 41 ust 2 pkt 5, by\u0142y r\u00f3wnolegle wszczynane post\u0119powania dyscyplinarne dotycz\u0105ce tego samego zdarzenia.<\/p>\n\n\n\n<p>&nbsp;Sytuacja ma si\u0119 podobnie w ca\u0142ym kraju. Wzrasta liczba os\u00f3b zwalnianych na podstawie art. 41 ust. 2 pkt 5, natomiast maleje liczba funkcjonariuszy zwalnianych na postawie art. 41 ust. 1&nbsp; pkt 3.<\/p>\n\n\n\n<p>&nbsp; Z posiadanych przez nas danych tylko za lata 2015- 2017 wynika i\u017c na podstawie art. 41 ust. 2 pkt 5 zwolniono odpowiednio:<\/p>\n\n\n\n<p>&nbsp;&nbsp;&nbsp; <strong><em>2015- 71 os\u00f3b<\/em><\/strong><strong><em><\/em><\/strong><\/p>\n\n\n\n<p><strong><em>&nbsp;&nbsp;&nbsp; 2016- 90 os\u00f3b <\/em><\/strong><strong><em><\/em><\/strong><\/p>\n\n\n\n<p><strong><em>&nbsp;&nbsp;&nbsp; 2017-162 osoby <\/em><\/strong><strong><em><\/em><\/strong><\/p>\n\n\n\n<p>Natomiast na postawie art. 41 ust. 1&nbsp; pkt 3 zwolniono odpowiednio:<\/p>\n\n\n\n<p>&nbsp;&nbsp;&nbsp; <em>2015- 93 osoby<\/em><em><\/em><\/p>\n\n\n\n<p><em>&nbsp;&nbsp;&nbsp; 2016- 160 os\u00f3b <\/em><em><\/em><\/p>\n\n\n\n<p><em>&nbsp;&nbsp;&nbsp; 2017- 141 os\u00f3b&nbsp; <\/em><em><\/em><\/p>\n\n\n\n<p>&nbsp;&nbsp; Nie posiadamy informacji dotycz\u0105cych wznowionych post\u0119powa\u0144 dyscyplinarnych<br>i rozstrzygni\u0119tych na korzy\u015b\u0107 funkcjonariuszy, albowiem jak twierdzi Komenda G\u0142\u00f3wna Policji w Warszawie takie dane nie s\u0105 gromadzone, ale z informacji kt\u00f3re posiadamy wiemy, \u017ce do takich sytuacji dochodzi. Nie posiadamy natomiast \u017cadnych informacji na temat przywracania do s\u0142u\u017cby policjant\u00f3w wcze\u015bniej zwolnionych na podstawie art. 41 ust 2 pkt 5 ustawy o Policji.<\/p>\n\n\n\n<p>&nbsp;&nbsp; Jako Zarz\u0105d Wojew\u00f3dzki NSZZP woj. dolno\u015bl\u0105skiego doszli\u015bmy do bardzo wa\u017cnego wniosku. Uwa\u017camy \u017ce jako podstawa do zwolnienia, art. 41 ust. 2 pkt 5 &nbsp;\u201epowinien by\u0107 stosowany wy\u0142\u0105cznie w sytuacjach ekstraordynaryjnych. W sytuacjach, kt\u00f3re dane zdarzenie \/zachowanie funkcjonariusza nie mie\u015bci si\u0119 w ramach katalogu podstaw zwolnienia ze s\u0142u\u017cby uj\u0119tych w art. 41 Ustawy o Policji a kt\u00f3re to zdarzenie\/zachowanie wymaga jednocze\u015bnie kategorycznej i stanowczej reakcji, zmierzaj\u0105cej do \u201eoczyszczenia\u201d szereg\u00f3w Policji z funkcjonariuszy, kt\u00f3rych zachowanie nie licuje z godno\u015bci\u0105 zawodu i kt\u00f3rych dalsze pozostanie w s\u0142u\u017cbie nie jest mo\u017cliwe\u2019<\/p>\n\n\n\n<p>&nbsp;&nbsp;&nbsp;&nbsp;&nbsp;&nbsp;&nbsp;&nbsp; W naszej ocenie w r\u00f3\u017cnych sytuacjach mo\u017cna wykorzystywa\u0107 inne instrumenty prawne jak np. skierowania na komisje lekarskie i ewentualne zwolnienie na podstawie art. 41 pkt 1 ust.1 Ustawy o Policji, przeprowadzanie do ko\u0144ca post\u0119powa\u0144 dyscyplinarnych, kt\u00f3re ewentualnie mog\u0142oby si\u0119 zako\u0144czy\u0107 kar\u0105 obligatoryjnego zwolnienia ze s\u0142u\u017cby na podstawie art. 41 ust. 1 pkt 3 Ustawy o Policji a nie korzystania z \u201e\u0142atwiejszej\u201d wg nas podstawy, kt\u00f3ra opiera si\u0119&nbsp; praktycznie tylko na badaniu czy zosta\u0142o naruszone szeroko rozumiane \u201edobro s\u0142u\u017cby\u201d, pomijaj\u0105c \u201edobro jednostki\u201d&nbsp;&nbsp;&nbsp;&nbsp;<\/p>\n\n\n\n<p>&nbsp;&nbsp;&nbsp;&nbsp;&nbsp;&nbsp;&nbsp;&nbsp; Zastosowanie trybu wynikaj\u0105cego z art. 108 par 1 kpa powoduje praktycznie natychmiastowe zwolnienie policjanta, nie daj\u0105c mu prawa do oceny sytuacji przez S\u0105d w trakcie trwania stosunku s\u0142u\u017cbowego.<\/p>\n\n\n\n<p>&nbsp;&nbsp;&nbsp;&nbsp;&nbsp;&nbsp;&nbsp;&nbsp; R\u00f3wnie nieprzystaj\u0105cym do obecnej rzeczywisto\u015bci jest <strong>art. 41 ust 2 pkt 4 Ustawy o Policji<\/strong>. Skoro zar\u00f3wno MSWiA oraz KGP zabiega o to, aby policjanci pozostawali jak najd\u0142u\u017cej w s\u0142u\u017cbie, to pozostawienie przepisu daj\u0105cego mo\u017cliwo\u015b\u0107 zwolnienia policjanta z tytu\u0142u osi\u0105gni\u0119cia 30 lat wys\u0142ugi emerytalnej jest czym\u015b kuriozalnym i w naszej ocenia wymaga zmiany czyli wykre\u015blenia tego przepisu z obrotu prawnego\u201d<\/p>\n\n\n\n<p>&nbsp;&nbsp;&nbsp;&nbsp;&nbsp;&nbsp;&nbsp;&nbsp;&nbsp; Powy\u017csz\u0105 uchwa\u0142\u0119 przedstawili\u015bmy podczas Zjazdu Krajowego w grudniu ubieg\u0142ego roku i na nasz wniosek Zjazd Krajowy przyj\u0105\u0142 nasz\u0105 uchwa\u0142\u0119 jako w\u0142asn\u0105. W wyniku prac sejmowych zwi\u0105zanych z wprowadzeniem nowego dodatku sta\u017cowego z porz\u0105dku prawnego z Ustawy o Policji <strong>usuni\u0119to art. 41 ust 2 pkt 4<\/strong> , niestety wi\u0119kszo\u015b\u0107 sejmowa nie zgodzi\u0142a si\u0119, aby usun\u0105\u0107 art. 41 ust. 2 pkt 5.&nbsp; St\u0105d tytu\u0142 artyku\u0142u! Ale nie poddajemy si\u0119 i dalej b\u0119dziemy d\u0105\u017cy\u0107 do wyrzucenia do \u201ekosza\u201d wg nas bardzo niekorzystnego dla policjant\u00f3w przepisu!<\/p>\n\n\n\n<figure class=\"wp-block-image size-large\"><img decoding=\"async\" src=\"http:\/\/nszzp.wroclaw.pl\/wp-content\/themes\/newsmag-pro\/assets\/images\/picture_placeholder_list.jpg\" data-src=\"http:\/\/nszzp.wroclaw.pl\/wp-content\/uploads\/2023\/03\/image-1-806x1024.png\" alt=\"\" class=\"blazy wp-image-70515\"\/><noscript><img loading=\"lazy\" decoding=\"async\" width=\"806\" height=\"1024\" src=\"http:\/\/nszzp.wroclaw.pl\/wp-content\/uploads\/2023\/03\/image-1-806x1024.png\" alt=\"\" class=\"wp-image-70515\" srcset=\"http:\/\/nszzp.wroclaw.pl\/wp-content\/uploads\/2023\/03\/image-1-806x1024.png 806w, http:\/\/nszzp.wroclaw.pl\/wp-content\/uploads\/2023\/03\/image-1-236x300.png 236w, http:\/\/nszzp.wroclaw.pl\/wp-content\/uploads\/2023\/03\/image-1-768x975.png 768w, http:\/\/nszzp.wroclaw.pl\/wp-content\/uploads\/2023\/03\/image-1-1209x1536.png 1209w, http:\/\/nszzp.wroclaw.pl\/wp-content\/uploads\/2023\/03\/image-1.png 1359w\" sizes=\"auto, (max-width: 806px) 100vw, 806px\" \/><\/noscript><\/figure>\n\n\n\n<figure class=\"wp-block-image size-large\"><img decoding=\"async\" src=\"http:\/\/nszzp.wroclaw.pl\/wp-content\/themes\/newsmag-pro\/assets\/images\/picture_placeholder_list.jpg\" data-src=\"http:\/\/nszzp.wroclaw.pl\/wp-content\/uploads\/2023\/03\/image-2-849x1024.png\" alt=\"\" class=\"blazy wp-image-70516\"\/><noscript><img loading=\"lazy\" decoding=\"async\" width=\"849\" height=\"1024\" src=\"http:\/\/nszzp.wroclaw.pl\/wp-content\/uploads\/2023\/03\/image-2-849x1024.png\" alt=\"\" class=\"wp-image-70516\" srcset=\"http:\/\/nszzp.wroclaw.pl\/wp-content\/uploads\/2023\/03\/image-2-849x1024.png 849w, http:\/\/nszzp.wroclaw.pl\/wp-content\/uploads\/2023\/03\/image-2-249x300.png 249w, http:\/\/nszzp.wroclaw.pl\/wp-content\/uploads\/2023\/03\/image-2-768x926.png 768w, http:\/\/nszzp.wroclaw.pl\/wp-content\/uploads\/2023\/03\/image-2-1274x1536.png 1274w, http:\/\/nszzp.wroclaw.pl\/wp-content\/uploads\/2023\/03\/image-2.png 1348w\" sizes=\"auto, (max-width: 849px) 100vw, 849px\" \/><\/noscript><\/figure>\n\n\n\n<figure class=\"wp-block-image size-large\"><img decoding=\"async\" src=\"http:\/\/nszzp.wroclaw.pl\/wp-content\/themes\/newsmag-pro\/assets\/images\/picture_placeholder_list.jpg\" data-src=\"http:\/\/nszzp.wroclaw.pl\/wp-content\/uploads\/2023\/03\/Screenshot_20230228_160542_Samsung-Notes2-766x1024.jpg\" alt=\"\" class=\"blazy wp-image-70517\"\/><noscript><img loading=\"lazy\" decoding=\"async\" width=\"766\" height=\"1024\" src=\"http:\/\/nszzp.wroclaw.pl\/wp-content\/uploads\/2023\/03\/Screenshot_20230228_160542_Samsung-Notes2-766x1024.jpg\" alt=\"\" class=\"wp-image-70517\" srcset=\"http:\/\/nszzp.wroclaw.pl\/wp-content\/uploads\/2023\/03\/Screenshot_20230228_160542_Samsung-Notes2-766x1024.jpg 766w, http:\/\/nszzp.wroclaw.pl\/wp-content\/uploads\/2023\/03\/Screenshot_20230228_160542_Samsung-Notes2-225x300.jpg 225w, http:\/\/nszzp.wroclaw.pl\/wp-content\/uploads\/2023\/03\/Screenshot_20230228_160542_Samsung-Notes2-768x1026.jpg 768w, http:\/\/nszzp.wroclaw.pl\/wp-content\/uploads\/2023\/03\/Screenshot_20230228_160542_Samsung-Notes2.jpg 1080w\" sizes=\"auto, (max-width: 766px) 100vw, 766px\" \/><\/noscript><\/figure>\n","protected":false},"excerpt":{"rendered":"<p>&nbsp;&nbsp; Od wielu lat zwi\u0105zki zawodowe policjant\u00f3w stara\u0142y si\u0119 wyrzuci\u0107 z obrotu prawnego dwa niekorzystne dla policjant\u00f3w przepisy: art. 41 ust. 2 pkt 4 \u2013 \u201ezwolnienie z tytu\u0142u osi\u0105gni\u0119cia 30 lat wys\u0142ugi emerytalnej\u201d oraz art. 41 ust. 2 pkt 5- \u201ezwolnienie dla dobra s\u0142u\u017cby\u201d. O ile pierwszy z przepis\u00f3w by\u0142 stosowany bardzo rzadko i z [&hellip;]<\/p>\n","protected":false},"author":1,"featured_media":70524,"comment_status":"closed","ping_status":"closed","sticky":true,"template":"","format":"standard","meta":{"footnotes":""},"categories":[8,28],"tags":[],"class_list":["post-70513","post","type-post","status-publish","format-standard","has-post-thumbnail","hentry","category-kolumna-3","category-baner"],"_links":{"self":[{"href":"http:\/\/nszzp.wroclaw.pl\/index.php\/wp-json\/wp\/v2\/posts\/70513","targetHints":{"allow":["GET"]}}],"collection":[{"href":"http:\/\/nszzp.wroclaw.pl\/index.php\/wp-json\/wp\/v2\/posts"}],"about":[{"href":"http:\/\/nszzp.wroclaw.pl\/index.php\/wp-json\/wp\/v2\/types\/post"}],"author":[{"embeddable":true,"href":"http:\/\/nszzp.wroclaw.pl\/index.php\/wp-json\/wp\/v2\/users\/1"}],"replies":[{"embeddable":true,"href":"http:\/\/nszzp.wroclaw.pl\/index.php\/wp-json\/wp\/v2\/comments?post=70513"}],"version-history":[{"count":3,"href":"http:\/\/nszzp.wroclaw.pl\/index.php\/wp-json\/wp\/v2\/posts\/70513\/revisions"}],"predecessor-version":[{"id":70525,"href":"http:\/\/nszzp.wroclaw.pl\/index.php\/wp-json\/wp\/v2\/posts\/70513\/revisions\/70525"}],"wp:featuredmedia":[{"embeddable":true,"href":"http:\/\/nszzp.wroclaw.pl\/index.php\/wp-json\/wp\/v2\/media\/70524"}],"wp:attachment":[{"href":"http:\/\/nszzp.wroclaw.pl\/index.php\/wp-json\/wp\/v2\/media?parent=70513"}],"wp:term":[{"taxonomy":"category","embeddable":true,"href":"http:\/\/nszzp.wroclaw.pl\/index.php\/wp-json\/wp\/v2\/categories?post=70513"},{"taxonomy":"post_tag","embeddable":true,"href":"http:\/\/nszzp.wroclaw.pl\/index.php\/wp-json\/wp\/v2\/tags?post=70513"}],"curies":[{"name":"wp","href":"https:\/\/api.w.org\/{rel}","templated":true}]}}