{"id":70710,"date":"2023-07-31T19:54:19","date_gmt":"2023-07-31T17:54:19","guid":{"rendered":"https:\/\/nszzp.wroclaw.pl\/?p=70710"},"modified":"2023-08-06T11:03:51","modified_gmt":"2023-08-06T09:03:51","slug":"zmarl-nasz-kolega-patryk-domalik","status":"publish","type":"post","link":"http:\/\/nszzp.wroclaw.pl\/index.php\/2023\/07\/31\/zmarl-nasz-kolega-patryk-domalik\/","title":{"rendered":"Zmar\u0142 nasz kolega Patryk Domalik"},"content":{"rendered":"\n<p>NASZ KOLEGA ODSZED\u0141 NA WIECZN\u0104 S\u0141U\u017bB\u0118<\/p>\n\n\n\n<p>Z ogromnym smutkiem przyj\u0119li\u015bmy informacj\u0119, \u017ce w dniu 20.07.2023 zmar\u0142 Patryk Domalik. <\/p>\n\n\n\n<p>Rodzinie i przyjacio\u0142om sk\u0142adamy wyrazy g\u0142\u0119bokiego wsp\u00f3\u0142czucia. <\/p>\n\n\n\n<p>Msza \u015bw. odprawiona zostanie w ko\u015bciele w Studniskach Dolnych dnia 03 sierpnia (czwartek) o godz. 12.00.<\/p>\n","protected":false},"excerpt":{"rendered":"<p>NASZ KOLEGA ODSZED\u0141 NA WIECZN\u0104 S\u0141U\u017bB\u0118 Z ogromnym smutkiem przyj\u0119li\u015bmy informacj\u0119, \u017ce w dniu 20.07.2023 zmar\u0142 Patryk Domalik. Rodzinie i przyjacio\u0142om sk\u0142adamy wyrazy g\u0142\u0119bokiego wsp\u00f3\u0142czucia. Msza \u015bw. odprawiona zostanie w ko\u015bciele w Studniskach Dolnych dnia 03 sierpnia (czwartek) o godz. 12.00.<\/p>\n","protected":false},"author":1,"featured_media":0,"comment_status":"closed","ping_status":"closed","sticky":false,"template":"","format":"standard","meta":{"footnotes":""},"categories":[8],"tags":[],"class_list":["post-70710","post","type-post","status-publish","format-standard","hentry","category-kolumna-3"],"_links":{"self":[{"href":"http:\/\/nszzp.wroclaw.pl\/index.php\/wp-json\/wp\/v2\/posts\/70710","targetHints":{"allow":["GET"]}}],"collection":[{"href":"http:\/\/nszzp.wroclaw.pl\/index.php\/wp-json\/wp\/v2\/posts"}],"about":[{"href":"http:\/\/nszzp.wroclaw.pl\/index.php\/wp-json\/wp\/v2\/types\/post"}],"author":[{"embeddable":true,"href":"http:\/\/nszzp.wroclaw.pl\/index.php\/wp-json\/wp\/v2\/users\/1"}],"replies":[{"embeddable":true,"href":"http:\/\/nszzp.wroclaw.pl\/index.php\/wp-json\/wp\/v2\/comments?post=70710"}],"version-history":[{"count":1,"href":"http:\/\/nszzp.wroclaw.pl\/index.php\/wp-json\/wp\/v2\/posts\/70710\/revisions"}],"predecessor-version":[{"id":70712,"href":"http:\/\/nszzp.wroclaw.pl\/index.php\/wp-json\/wp\/v2\/posts\/70710\/revisions\/70712"}],"wp:attachment":[{"href":"http:\/\/nszzp.wroclaw.pl\/index.php\/wp-json\/wp\/v2\/media?parent=70710"}],"wp:term":[{"taxonomy":"category","embeddable":true,"href":"http:\/\/nszzp.wroclaw.pl\/index.php\/wp-json\/wp\/v2\/categories?post=70710"},{"taxonomy":"post_tag","embeddable":true,"href":"http:\/\/nszzp.wroclaw.pl\/index.php\/wp-json\/wp\/v2\/tags?post=70710"}],"curies":[{"name":"wp","href":"https:\/\/api.w.org\/{rel}","templated":true}]}}