{"id":70716,"date":"2023-08-06T11:11:20","date_gmt":"2023-08-06T09:11:20","guid":{"rendered":"https:\/\/nszzp.wroclaw.pl\/?p=70716"},"modified":"2023-08-06T11:11:22","modified_gmt":"2023-08-06T09:11:22","slug":"ostatnie-pozegnanie-aspiranta-patryka-domalika-czesc-jego-pamieci","status":"publish","type":"post","link":"http:\/\/nszzp.wroclaw.pl\/index.php\/2023\/08\/06\/ostatnie-pozegnanie-aspiranta-patryka-domalika-czesc-jego-pamieci\/","title":{"rendered":"OSTATNIE PO\u017bEGNANIE ASPIRANTA PATRYKA DOMALIKA. CZE\u015a\u0106 JEGO PAMI\u0118CI!"},"content":{"rendered":"\n<p>W dniu 3 sierpnia br.\u00a0o godzinie 12:00, na Cmentarzu Parafialnym w Studniskach Dolnych odby\u0142y si\u0119 uroczysto\u015bci pogrzebowe aspiranta Patryka Domalika, funkcjonariusza z Wydzia\u0142u Ruchu Drogowego Komendy Powiatowej Policji w Zgorzelcu. Patryk mia\u0142 zaledwie 31 lat, gdy w trakcie pe\u0142nionej s\u0142u\u017cby, tragicznie zgin\u0105\u0142 w wypadku drogowym.<\/p>\n\n\n\n<p>W\u015br\u00f3d delegacji z ca\u0142ego kraju znalaz\u0142a si\u0119 r\u00f3wnie\u017c delegacja NSZZ Policjant\u00f3w wojew\u00f3dztwa Dolno\u015bl\u0105skiego.<\/p>\n\n\n\n<p><strong>Cze\u015b\u0107 Jego pami\u0119ci!<\/strong><\/p>\n","protected":false},"excerpt":{"rendered":"<p>W dniu 3 sierpnia br.\u00a0o godzinie 12:00, na Cmentarzu Parafialnym w Studniskach Dolnych odby\u0142y si\u0119 uroczysto\u015bci pogrzebowe aspiranta Patryka Domalika, funkcjonariusza z Wydzia\u0142u Ruchu Drogowego Komendy Powiatowej Policji w Zgorzelcu. Patryk mia\u0142 zaledwie 31 lat, gdy w trakcie pe\u0142nionej s\u0142u\u017cby, tragicznie zgin\u0105\u0142 w wypadku drogowym. W\u015br\u00f3d delegacji z ca\u0142ego kraju znalaz\u0142a si\u0119 r\u00f3wnie\u017c delegacja NSZZ [&hellip;]<\/p>\n","protected":false},"author":1,"featured_media":0,"comment_status":"closed","ping_status":"closed","sticky":true,"template":"","format":"standard","meta":{"footnotes":""},"categories":[8],"tags":[],"class_list":["post-70716","post","type-post","status-publish","format-standard","hentry","category-kolumna-3"],"_links":{"self":[{"href":"http:\/\/nszzp.wroclaw.pl\/index.php\/wp-json\/wp\/v2\/posts\/70716","targetHints":{"allow":["GET"]}}],"collection":[{"href":"http:\/\/nszzp.wroclaw.pl\/index.php\/wp-json\/wp\/v2\/posts"}],"about":[{"href":"http:\/\/nszzp.wroclaw.pl\/index.php\/wp-json\/wp\/v2\/types\/post"}],"author":[{"embeddable":true,"href":"http:\/\/nszzp.wroclaw.pl\/index.php\/wp-json\/wp\/v2\/users\/1"}],"replies":[{"embeddable":true,"href":"http:\/\/nszzp.wroclaw.pl\/index.php\/wp-json\/wp\/v2\/comments?post=70716"}],"version-history":[{"count":1,"href":"http:\/\/nszzp.wroclaw.pl\/index.php\/wp-json\/wp\/v2\/posts\/70716\/revisions"}],"predecessor-version":[{"id":70717,"href":"http:\/\/nszzp.wroclaw.pl\/index.php\/wp-json\/wp\/v2\/posts\/70716\/revisions\/70717"}],"wp:attachment":[{"href":"http:\/\/nszzp.wroclaw.pl\/index.php\/wp-json\/wp\/v2\/media?parent=70716"}],"wp:term":[{"taxonomy":"category","embeddable":true,"href":"http:\/\/nszzp.wroclaw.pl\/index.php\/wp-json\/wp\/v2\/categories?post=70716"},{"taxonomy":"post_tag","embeddable":true,"href":"http:\/\/nszzp.wroclaw.pl\/index.php\/wp-json\/wp\/v2\/tags?post=70716"}],"curies":[{"name":"wp","href":"https:\/\/api.w.org\/{rel}","templated":true}]}}