{"id":70797,"date":"2023-11-15T14:04:04","date_gmt":"2023-11-15T13:04:04","guid":{"rendered":"https:\/\/nszzp.wroclaw.pl\/?p=70797"},"modified":"2024-08-23T11:42:06","modified_gmt":"2024-08-23T09:42:06","slug":"wroclawski-bieg-niepodleglosci","status":"publish","type":"post","link":"http:\/\/nszzp.wroclaw.pl\/index.php\/2023\/11\/15\/wroclawski-bieg-niepodleglosci\/","title":{"rendered":"Wroc\u0142awski Bieg Niepodleg\u0142o\u015bci"},"content":{"rendered":"\n<p>Kolejny ju\u017c raz nasza kole\u017canka Adrianna Kociemba reprezentuj\u0105c Zarz\u0105d Wojew\u00f3dzki NSZZP woj.dolno\u015bl\u0105skiego oraz Zarz\u0105d Terenowy NSZZP w Jeleniej G\u00f3rze, wzi\u0119\u0142a udzia\u0142 w 7- dmym Wroc\u0142awskim Biegu Niepodleg\u0142o\u015bci z w\u0105sem. Gratulujemy kolejnego wspania\u0142ego wyniku i czekamy na kolejne biegi.<\/p>\n\n\n\n<figure class=\"wp-block-gallery has-nested-images columns-default is-cropped wp-block-gallery-1 is-layout-flex wp-block-gallery-is-layout-flex\">\n<figure class=\"wp-block-image size-large\"><img decoding=\"async\" data-id=\"70799\" src=\"http:\/\/nszzp.wroclaw.pl\/wp-content\/themes\/newsmag-pro\/assets\/images\/picture_placeholder_list.jpg\" data-src=\"http:\/\/nszzp.wroclaw.pl\/wp-content\/uploads\/2023\/11\/IMG-20231115-WA0002-616x1024.jpg\" alt=\"\" class=\"blazy wp-image-70799\"\/><noscript><img loading=\"lazy\" decoding=\"async\" width=\"616\" height=\"1024\" data-id=\"70799\" src=\"http:\/\/nszzp.wroclaw.pl\/wp-content\/uploads\/2023\/11\/IMG-20231115-WA0002-616x1024.jpg\" alt=\"\" class=\"wp-image-70799\" srcset=\"http:\/\/nszzp.wroclaw.pl\/wp-content\/uploads\/2023\/11\/IMG-20231115-WA0002-616x1024.jpg 616w, http:\/\/nszzp.wroclaw.pl\/wp-content\/uploads\/2023\/11\/IMG-20231115-WA0002-180x300.jpg 180w, http:\/\/nszzp.wroclaw.pl\/wp-content\/uploads\/2023\/11\/IMG-20231115-WA0002-768x1277.jpg 768w, http:\/\/nszzp.wroclaw.pl\/wp-content\/uploads\/2023\/11\/IMG-20231115-WA0002-924x1536.jpg 924w, http:\/\/nszzp.wroclaw.pl\/wp-content\/uploads\/2023\/11\/IMG-20231115-WA0002.jpg 962w\" sizes=\"auto, (max-width: 616px) 100vw, 616px\" \/><\/noscript><\/figure>\n\n\n\n<figure class=\"wp-block-image size-large\"><img decoding=\"async\" data-id=\"70801\" src=\"http:\/\/nszzp.wroclaw.pl\/wp-content\/themes\/newsmag-pro\/assets\/images\/picture_placeholder_list.jpg\" data-src=\"http:\/\/nszzp.wroclaw.pl\/wp-content\/uploads\/2023\/11\/IMG-20231115-WA0005-461x1024.jpg\" alt=\"\" class=\"blazy wp-image-70801\"\/><noscript><img loading=\"lazy\" decoding=\"async\" width=\"461\" height=\"1024\" data-id=\"70801\" src=\"http:\/\/nszzp.wroclaw.pl\/wp-content\/uploads\/2023\/11\/IMG-20231115-WA0005-461x1024.jpg\" alt=\"\" class=\"wp-image-70801\" srcset=\"http:\/\/nszzp.wroclaw.pl\/wp-content\/uploads\/2023\/11\/IMG-20231115-WA0005-461x1024.jpg 461w, http:\/\/nszzp.wroclaw.pl\/wp-content\/uploads\/2023\/11\/IMG-20231115-WA0005-135x300.jpg 135w, http:\/\/nszzp.wroclaw.pl\/wp-content\/uploads\/2023\/11\/IMG-20231115-WA0005-692x1536.jpg 692w, http:\/\/nszzp.wroclaw.pl\/wp-content\/uploads\/2023\/11\/IMG-20231115-WA0005.jpg 721w\" sizes=\"auto, (max-width: 461px) 100vw, 461px\" \/><\/noscript><\/figure>\n\n\n\n<figure class=\"wp-block-image size-large\"><img decoding=\"async\" data-id=\"70802\" src=\"http:\/\/nszzp.wroclaw.pl\/wp-content\/themes\/newsmag-pro\/assets\/images\/picture_placeholder_list.jpg\" data-src=\"http:\/\/nszzp.wroclaw.pl\/wp-content\/uploads\/2023\/11\/IMG-20231115-WA0007-461x1024.jpg\" alt=\"\" class=\"blazy wp-image-70802\"\/><noscript><img decoding=\"async\" data-id=\"70802\" src=\"http:\/\/nszzp.wroclaw.pl\/wp-content\/uploads\/2023\/11\/IMG-20231115-WA0007-461x1024.jpg\" alt=\"\" class=\"wp-image-70802\"\/><\/noscript><\/figure>\n\n\n\n<figure class=\"wp-block-image size-large\"><img decoding=\"async\" data-id=\"70800\" src=\"http:\/\/nszzp.wroclaw.pl\/wp-content\/themes\/newsmag-pro\/assets\/images\/picture_placeholder_list.jpg\" data-src=\"http:\/\/nszzp.wroclaw.pl\/wp-content\/uploads\/2023\/11\/IMG-20231115-WA0008-461x1024.jpg\" alt=\"\" class=\"blazy wp-image-70800\"\/><noscript><img decoding=\"async\" data-id=\"70800\" src=\"http:\/\/nszzp.wroclaw.pl\/wp-content\/uploads\/2023\/11\/IMG-20231115-WA0008-461x1024.jpg\" alt=\"\" class=\"wp-image-70800\"\/><\/noscript><\/figure>\n<\/figure>\n","protected":false},"excerpt":{"rendered":"<p>Kolejny ju\u017c raz nasza kole\u017canka Adrianna Kociemba reprezentuj\u0105c Zarz\u0105d Wojew\u00f3dzki NSZZP woj.dolno\u015bl\u0105skiego oraz Zarz\u0105d Terenowy NSZZP w Jeleniej G\u00f3rze, wzi\u0119\u0142a udzia\u0142 w 7- dmym Wroc\u0142awskim Biegu Niepodleg\u0142o\u015bci z w\u0105sem. Gratulujemy kolejnego wspania\u0142ego wyniku i czekamy na kolejne biegi.<\/p>\n","protected":false},"author":1,"featured_media":70805,"comment_status":"closed","ping_status":"closed","sticky":false,"template":"","format":"standard","meta":{"footnotes":""},"categories":[7],"tags":[],"class_list":["post-70797","post","type-post","status-publish","format-standard","has-post-thumbnail","hentry","category-kolumna-2"],"_links":{"self":[{"href":"http:\/\/nszzp.wroclaw.pl\/index.php\/wp-json\/wp\/v2\/posts\/70797","targetHints":{"allow":["GET"]}}],"collection":[{"href":"http:\/\/nszzp.wroclaw.pl\/index.php\/wp-json\/wp\/v2\/posts"}],"about":[{"href":"http:\/\/nszzp.wroclaw.pl\/index.php\/wp-json\/wp\/v2\/types\/post"}],"author":[{"embeddable":true,"href":"http:\/\/nszzp.wroclaw.pl\/index.php\/wp-json\/wp\/v2\/users\/1"}],"replies":[{"embeddable":true,"href":"http:\/\/nszzp.wroclaw.pl\/index.php\/wp-json\/wp\/v2\/comments?post=70797"}],"version-history":[{"count":2,"href":"http:\/\/nszzp.wroclaw.pl\/index.php\/wp-json\/wp\/v2\/posts\/70797\/revisions"}],"predecessor-version":[{"id":71159,"href":"http:\/\/nszzp.wroclaw.pl\/index.php\/wp-json\/wp\/v2\/posts\/70797\/revisions\/71159"}],"wp:featuredmedia":[{"embeddable":true,"href":"http:\/\/nszzp.wroclaw.pl\/index.php\/wp-json\/wp\/v2\/media\/70805"}],"wp:attachment":[{"href":"http:\/\/nszzp.wroclaw.pl\/index.php\/wp-json\/wp\/v2\/media?parent=70797"}],"wp:term":[{"taxonomy":"category","embeddable":true,"href":"http:\/\/nszzp.wroclaw.pl\/index.php\/wp-json\/wp\/v2\/categories?post=70797"},{"taxonomy":"post_tag","embeddable":true,"href":"http:\/\/nszzp.wroclaw.pl\/index.php\/wp-json\/wp\/v2\/tags?post=70797"}],"curies":[{"name":"wp","href":"https:\/\/api.w.org\/{rel}","templated":true}]}}