{"id":71036,"date":"2024-07-10T10:03:42","date_gmt":"2024-07-10T08:03:42","guid":{"rendered":"https:\/\/nszzp.wroclaw.pl\/?p=71036"},"modified":"2024-08-12T12:15:04","modified_gmt":"2024-08-12T10:15:04","slug":"oddalismy-czesc-poleglym-policjantom-2","status":"publish","type":"post","link":"http:\/\/nszzp.wroclaw.pl\/index.php\/2024\/07\/10\/oddalismy-czesc-poleglym-policjantom-2\/","title":{"rendered":"Oddali\u015bmy cze\u015b\u0107 poleg\u0142ym policjantom."},"content":{"rendered":"\n<figure class=\"wp-block-image size-large\"><img decoding=\"async\" src=\"http:\/\/nszzp.wroclaw.pl\/wp-content\/themes\/newsmag-pro\/assets\/images\/picture_placeholder_list.jpg\" data-src=\"http:\/\/nszzp.wroclaw.pl\/wp-content\/uploads\/2024\/07\/IMG-20240709-WA0032-1024x683.jpg\" alt=\"\" class=\"blazy wp-image-71038\"\/><noscript><img loading=\"lazy\" decoding=\"async\" width=\"1024\" height=\"683\" src=\"http:\/\/nszzp.wroclaw.pl\/wp-content\/uploads\/2024\/07\/IMG-20240709-WA0032-1024x683.jpg\" alt=\"\" class=\"wp-image-71038\" srcset=\"http:\/\/nszzp.wroclaw.pl\/wp-content\/uploads\/2024\/07\/IMG-20240709-WA0032-1024x683.jpg 1024w, http:\/\/nszzp.wroclaw.pl\/wp-content\/uploads\/2024\/07\/IMG-20240709-WA0032-300x200.jpg 300w, http:\/\/nszzp.wroclaw.pl\/wp-content\/uploads\/2024\/07\/IMG-20240709-WA0032-768x512.jpg 768w, http:\/\/nszzp.wroclaw.pl\/wp-content\/uploads\/2024\/07\/IMG-20240709-WA0032.jpg 1321w\" sizes=\"auto, (max-width: 1024px) 100vw, 1024px\" \/><\/noscript><\/figure>\n\n\n\n<p>&nbsp; &nbsp;\u015awi\u0119to Policji, to data szczeg\u00f3lna dla funkcjonariuszy. To czas awans\u00f3w, nominacji, odznacze\u0144 oraz podzi\u0119kowa\u0144 zar\u00f3wno dla samych policjant\u00f3w i pracownik\u00f3w Policji, jak i tych, z kt\u00f3rymi, na co dzie\u0144 wsp\u00f3\u0142pracuj\u0105.&nbsp;<\/p>\n\n\n\n<figure class=\"wp-block-image size-large\"><img decoding=\"async\" src=\"http:\/\/nszzp.wroclaw.pl\/wp-content\/themes\/newsmag-pro\/assets\/images\/picture_placeholder_list.jpg\" data-src=\"http:\/\/nszzp.wroclaw.pl\/wp-content\/uploads\/2024\/07\/IMG-20240709-WA0016-1024x683.jpg\" alt=\"\" class=\"blazy wp-image-71039\"\/><noscript><img loading=\"lazy\" decoding=\"async\" width=\"1024\" height=\"683\" src=\"http:\/\/nszzp.wroclaw.pl\/wp-content\/uploads\/2024\/07\/IMG-20240709-WA0016-1024x683.jpg\" alt=\"\" class=\"wp-image-71039\" srcset=\"http:\/\/nszzp.wroclaw.pl\/wp-content\/uploads\/2024\/07\/IMG-20240709-WA0016-1024x683.jpg 1024w, http:\/\/nszzp.wroclaw.pl\/wp-content\/uploads\/2024\/07\/IMG-20240709-WA0016-300x200.jpg 300w, http:\/\/nszzp.wroclaw.pl\/wp-content\/uploads\/2024\/07\/IMG-20240709-WA0016-768x512.jpg 768w, http:\/\/nszzp.wroclaw.pl\/wp-content\/uploads\/2024\/07\/IMG-20240709-WA0016.jpg 1321w\" sizes=\"auto, (max-width: 1024px) 100vw, 1024px\" \/><\/noscript><\/figure>\n\n\n\n<p>&nbsp; Jest to te\u017c czas w kt\u00f3rym szczeg\u00f3lnie pami\u0119tamy o naszych poleg\u0142ych kolegach, kt\u00f3rzy do ko\u0144ca wype\u0142nili rot\u0119 przysi\u0119gi.<\/p>\n\n\n\n<figure class=\"wp-block-image size-large\"><img decoding=\"async\" src=\"http:\/\/nszzp.wroclaw.pl\/wp-content\/themes\/newsmag-pro\/assets\/images\/picture_placeholder_list.jpg\" data-src=\"http:\/\/nszzp.wroclaw.pl\/wp-content\/uploads\/2024\/07\/IMG-20240709-WA0015-1024x683.jpg\" alt=\"\" class=\"blazy wp-image-71040\"\/><noscript><img loading=\"lazy\" decoding=\"async\" width=\"1024\" height=\"683\" src=\"http:\/\/nszzp.wroclaw.pl\/wp-content\/uploads\/2024\/07\/IMG-20240709-WA0015-1024x683.jpg\" alt=\"\" class=\"wp-image-71040\" srcset=\"http:\/\/nszzp.wroclaw.pl\/wp-content\/uploads\/2024\/07\/IMG-20240709-WA0015-1024x683.jpg 1024w, http:\/\/nszzp.wroclaw.pl\/wp-content\/uploads\/2024\/07\/IMG-20240709-WA0015-300x200.jpg 300w, http:\/\/nszzp.wroclaw.pl\/wp-content\/uploads\/2024\/07\/IMG-20240709-WA0015-768x512.jpg 768w, http:\/\/nszzp.wroclaw.pl\/wp-content\/uploads\/2024\/07\/IMG-20240709-WA0015.jpg 1321w\" sizes=\"auto, (max-width: 1024px) 100vw, 1024px\" \/><\/noscript><\/figure>\n\n\n\n<p>&nbsp; &nbsp;Zarz\u0105d Wojew\u00f3dzki NSZZ Policjant\u00f3w woj. dolno\u015bl\u0105skiego ju\u017c w 2003 roku na Cmentarzu Osobowickim ufundowa\u0142 obelisk, pod kt\u00f3rym co roku mo\u017cemy w uroczysty spos\u00f3b upami\u0119tni\u0107 naszych koleg\u00f3w. Sta\u0142o si\u0119 to ju\u017c nierozerwaln\u0105 cz\u0119\u015bci\u0105 wojew\u00f3dzkich obchod\u00f3w \u015awi\u0119ta Policji.&nbsp;<\/p>\n\n\n\n<figure class=\"wp-block-image size-large\"><img decoding=\"async\" src=\"http:\/\/nszzp.wroclaw.pl\/wp-content\/themes\/newsmag-pro\/assets\/images\/picture_placeholder_list.jpg\" data-src=\"http:\/\/nszzp.wroclaw.pl\/wp-content\/uploads\/2024\/07\/IMG-20240709-WA0034-1-1024x683.jpg\" alt=\"\" class=\"blazy wp-image-71041\"\/><noscript><img loading=\"lazy\" decoding=\"async\" width=\"1024\" height=\"683\" src=\"http:\/\/nszzp.wroclaw.pl\/wp-content\/uploads\/2024\/07\/IMG-20240709-WA0034-1-1024x683.jpg\" alt=\"\" class=\"wp-image-71041\" srcset=\"http:\/\/nszzp.wroclaw.pl\/wp-content\/uploads\/2024\/07\/IMG-20240709-WA0034-1-1024x683.jpg 1024w, http:\/\/nszzp.wroclaw.pl\/wp-content\/uploads\/2024\/07\/IMG-20240709-WA0034-1-300x200.jpg 300w, http:\/\/nszzp.wroclaw.pl\/wp-content\/uploads\/2024\/07\/IMG-20240709-WA0034-1-768x512.jpg 768w, http:\/\/nszzp.wroclaw.pl\/wp-content\/uploads\/2024\/07\/IMG-20240709-WA0034-1.jpg 1321w\" sizes=\"auto, (max-width: 1024px) 100vw, 1024px\" \/><\/noscript><\/figure>\n\n\n\n<p>&nbsp; &nbsp;W tym roku dodatkowym elementem uroczysto\u015bci by\u0142o ods\u0142oni\u0119cie tabliczek pami\u0105tkowych upami\u0119tniaj\u0105cych tragicznie zmar\u0142ych w 2023 roku naszych koleg\u00f3w- podkom. Daniela \u0141uczy\u0144skiego oraz podkom. Ireneusza Michalaka- przez I Zast\u0119pc\u0119 Komendanta Wojew\u00f3dzkiego Policji we Wroc\u0142awiu insp. Norberta Kurend\u0119 oraz rodziny policjant\u00f3w.&nbsp;<\/p>\n\n\n\n<p>&nbsp; &nbsp;Wieniec w imieniu Komendanta G\u0142\u00f3wnego Policji insp. Marka Boronia z\u0142o\u017cy\u0142 insp. Norbert Kurenda a w imieniu Komendanta Wojew\u00f3dzkiego Policji we Wroc\u0142awiu nadinsp. Paw\u0142a P\u00f3\u0142torzyckiego &#8211; kom. Mariusz Modelski, W imieniu Niezale\u017cnego Zwi\u0105zku Zawodowego Policjant\u00f3w wieniec z\u0142o\u017cyli:&nbsp; I Wiceprzewodnicz\u0105cy Zarz\u0105du Wojew\u00f3dzkiego NSZZP woj.dolno\u015bl\u0105skiego podinsp. Robert Hamuda, Wiceprzewodnicz\u0105cy Zarz\u0105du Wojew\u00f3dzkiego NSZZP woj.dolno\u015bl\u0105skiego asp. szt. S\u0142awomir Stodolny oraz Wiceprzewodnicz\u0105cy Zarz\u0105du Wojew\u00f3dzkiego NSZZP woj.dolno\u015bl\u0105skiego kom. Pawe\u0142 Kowalski&nbsp;<\/p>\n\n\n\n<figure class=\"wp-block-image size-large\"><img decoding=\"async\" src=\"http:\/\/nszzp.wroclaw.pl\/wp-content\/themes\/newsmag-pro\/assets\/images\/picture_placeholder_list.jpg\" data-src=\"http:\/\/nszzp.wroclaw.pl\/wp-content\/uploads\/2024\/07\/IMG-20240709-WA0040-1024x683.jpg\" alt=\"\" class=\"blazy wp-image-71043\"\/><noscript><img loading=\"lazy\" decoding=\"async\" width=\"1024\" height=\"683\" src=\"http:\/\/nszzp.wroclaw.pl\/wp-content\/uploads\/2024\/07\/IMG-20240709-WA0040-1024x683.jpg\" alt=\"\" class=\"wp-image-71043\" srcset=\"http:\/\/nszzp.wroclaw.pl\/wp-content\/uploads\/2024\/07\/IMG-20240709-WA0040-1024x683.jpg 1024w, http:\/\/nszzp.wroclaw.pl\/wp-content\/uploads\/2024\/07\/IMG-20240709-WA0040-300x200.jpg 300w, http:\/\/nszzp.wroclaw.pl\/wp-content\/uploads\/2024\/07\/IMG-20240709-WA0040-768x512.jpg 768w, http:\/\/nszzp.wroclaw.pl\/wp-content\/uploads\/2024\/07\/IMG-20240709-WA0040.jpg 1321w\" sizes=\"auto, (max-width: 1024px) 100vw, 1024px\" \/><\/noscript><\/figure>\n\n\n\n<figure class=\"wp-block-gallery has-nested-images columns-default is-cropped wp-block-gallery-1 is-layout-flex wp-block-gallery-is-layout-flex\">\n<figure class=\"wp-block-image size-large\"><img decoding=\"async\" data-id=\"71044\" src=\"http:\/\/nszzp.wroclaw.pl\/wp-content\/themes\/newsmag-pro\/assets\/images\/picture_placeholder_list.jpg\" data-src=\"http:\/\/nszzp.wroclaw.pl\/wp-content\/uploads\/2024\/07\/IMG-20240709-WA0052-1024x683.jpg\" alt=\"\" class=\"blazy wp-image-71044\"\/><noscript><img loading=\"lazy\" decoding=\"async\" width=\"1024\" height=\"683\" data-id=\"71044\" src=\"http:\/\/nszzp.wroclaw.pl\/wp-content\/uploads\/2024\/07\/IMG-20240709-WA0052-1024x683.jpg\" alt=\"\" class=\"wp-image-71044\" srcset=\"http:\/\/nszzp.wroclaw.pl\/wp-content\/uploads\/2024\/07\/IMG-20240709-WA0052-1024x683.jpg 1024w, http:\/\/nszzp.wroclaw.pl\/wp-content\/uploads\/2024\/07\/IMG-20240709-WA0052-300x200.jpg 300w, http:\/\/nszzp.wroclaw.pl\/wp-content\/uploads\/2024\/07\/IMG-20240709-WA0052-768x512.jpg 768w, http:\/\/nszzp.wroclaw.pl\/wp-content\/uploads\/2024\/07\/IMG-20240709-WA0052.jpg 1321w\" sizes=\"auto, (max-width: 1024px) 100vw, 1024px\" \/><\/noscript><\/figure>\n\n\n\n<figure class=\"wp-block-image size-large\"><img decoding=\"async\" data-id=\"71047\" src=\"http:\/\/nszzp.wroclaw.pl\/wp-content\/themes\/newsmag-pro\/assets\/images\/picture_placeholder_list.jpg\" data-src=\"http:\/\/nszzp.wroclaw.pl\/wp-content\/uploads\/2024\/07\/IMG-20240709-WA0054-1024x683.jpg\" alt=\"\" class=\"blazy wp-image-71047\"\/><noscript><img loading=\"lazy\" decoding=\"async\" width=\"1024\" height=\"683\" data-id=\"71047\" src=\"http:\/\/nszzp.wroclaw.pl\/wp-content\/uploads\/2024\/07\/IMG-20240709-WA0054-1024x683.jpg\" alt=\"\" class=\"wp-image-71047\" srcset=\"http:\/\/nszzp.wroclaw.pl\/wp-content\/uploads\/2024\/07\/IMG-20240709-WA0054-1024x683.jpg 1024w, http:\/\/nszzp.wroclaw.pl\/wp-content\/uploads\/2024\/07\/IMG-20240709-WA0054-300x200.jpg 300w, http:\/\/nszzp.wroclaw.pl\/wp-content\/uploads\/2024\/07\/IMG-20240709-WA0054-768x512.jpg 768w, http:\/\/nszzp.wroclaw.pl\/wp-content\/uploads\/2024\/07\/IMG-20240709-WA0054.jpg 1321w\" sizes=\"auto, (max-width: 1024px) 100vw, 1024px\" \/><\/noscript><\/figure>\n\n\n\n<figure class=\"wp-block-image size-large\"><img decoding=\"async\" data-id=\"71045\" src=\"http:\/\/nszzp.wroclaw.pl\/wp-content\/themes\/newsmag-pro\/assets\/images\/picture_placeholder_list.jpg\" data-src=\"http:\/\/nszzp.wroclaw.pl\/wp-content\/uploads\/2024\/07\/IMG-20240709-WA0055-1024x683.jpg\" alt=\"\" class=\"blazy wp-image-71045\"\/><noscript><img loading=\"lazy\" decoding=\"async\" width=\"1024\" height=\"683\" data-id=\"71045\" src=\"http:\/\/nszzp.wroclaw.pl\/wp-content\/uploads\/2024\/07\/IMG-20240709-WA0055-1024x683.jpg\" alt=\"\" class=\"wp-image-71045\" srcset=\"http:\/\/nszzp.wroclaw.pl\/wp-content\/uploads\/2024\/07\/IMG-20240709-WA0055-1024x683.jpg 1024w, http:\/\/nszzp.wroclaw.pl\/wp-content\/uploads\/2024\/07\/IMG-20240709-WA0055-300x200.jpg 300w, http:\/\/nszzp.wroclaw.pl\/wp-content\/uploads\/2024\/07\/IMG-20240709-WA0055-768x512.jpg 768w, http:\/\/nszzp.wroclaw.pl\/wp-content\/uploads\/2024\/07\/IMG-20240709-WA0055.jpg 1321w\" sizes=\"auto, (max-width: 1024px) 100vw, 1024px\" \/><\/noscript><\/figure>\n\n\n\n<figure class=\"wp-block-image size-large\"><img decoding=\"async\" data-id=\"71046\" src=\"http:\/\/nszzp.wroclaw.pl\/wp-content\/themes\/newsmag-pro\/assets\/images\/picture_placeholder_list.jpg\" data-src=\"http:\/\/nszzp.wroclaw.pl\/wp-content\/uploads\/2024\/07\/signal-2024-07-09-12-48-41-660-1024x576.jpg\" alt=\"\" class=\"blazy wp-image-71046\"\/><noscript><img loading=\"lazy\" decoding=\"async\" width=\"1024\" height=\"576\" data-id=\"71046\" src=\"http:\/\/nszzp.wroclaw.pl\/wp-content\/uploads\/2024\/07\/signal-2024-07-09-12-48-41-660-1024x576.jpg\" alt=\"\" class=\"wp-image-71046\" srcset=\"http:\/\/nszzp.wroclaw.pl\/wp-content\/uploads\/2024\/07\/signal-2024-07-09-12-48-41-660-1024x576.jpg 1024w, http:\/\/nszzp.wroclaw.pl\/wp-content\/uploads\/2024\/07\/signal-2024-07-09-12-48-41-660-300x169.jpg 300w, http:\/\/nszzp.wroclaw.pl\/wp-content\/uploads\/2024\/07\/signal-2024-07-09-12-48-41-660-768x432.jpg 768w, http:\/\/nszzp.wroclaw.pl\/wp-content\/uploads\/2024\/07\/signal-2024-07-09-12-48-41-660-1536x864.jpg 1536w, http:\/\/nszzp.wroclaw.pl\/wp-content\/uploads\/2024\/07\/signal-2024-07-09-12-48-41-660.jpg 1600w\" sizes=\"auto, (max-width: 1024px) 100vw, 1024px\" \/><\/noscript><\/figure>\n<\/figure>\n\n\n\n<p>Autor zdj\u0119\u0107: nadkom. Dariusz Szachnowski<\/p>\n","protected":false},"excerpt":{"rendered":"<p>&nbsp; &nbsp;\u015awi\u0119to Policji, to data szczeg\u00f3lna dla funkcjonariuszy. To czas awans\u00f3w, nominacji, odznacze\u0144 oraz podzi\u0119kowa\u0144 zar\u00f3wno dla samych policjant\u00f3w i pracownik\u00f3w Policji, jak i tych, z kt\u00f3rymi, na co dzie\u0144 wsp\u00f3\u0142pracuj\u0105.&nbsp; &nbsp; Jest to te\u017c czas w kt\u00f3rym szczeg\u00f3lnie pami\u0119tamy o naszych poleg\u0142ych kolegach, kt\u00f3rzy do ko\u0144ca wype\u0142nili rot\u0119 przysi\u0119gi. &nbsp; &nbsp;Zarz\u0105d Wojew\u00f3dzki NSZZ Policjant\u00f3w [&hellip;]<\/p>\n","protected":false},"author":1,"featured_media":71037,"comment_status":"closed","ping_status":"closed","sticky":false,"template":"","format":"standard","meta":{"footnotes":""},"categories":[8],"tags":[],"class_list":["post-71036","post","type-post","status-publish","format-standard","has-post-thumbnail","hentry","category-kolumna-3"],"_links":{"self":[{"href":"http:\/\/nszzp.wroclaw.pl\/index.php\/wp-json\/wp\/v2\/posts\/71036","targetHints":{"allow":["GET"]}}],"collection":[{"href":"http:\/\/nszzp.wroclaw.pl\/index.php\/wp-json\/wp\/v2\/posts"}],"about":[{"href":"http:\/\/nszzp.wroclaw.pl\/index.php\/wp-json\/wp\/v2\/types\/post"}],"author":[{"embeddable":true,"href":"http:\/\/nszzp.wroclaw.pl\/index.php\/wp-json\/wp\/v2\/users\/1"}],"replies":[{"embeddable":true,"href":"http:\/\/nszzp.wroclaw.pl\/index.php\/wp-json\/wp\/v2\/comments?post=71036"}],"version-history":[{"count":2,"href":"http:\/\/nszzp.wroclaw.pl\/index.php\/wp-json\/wp\/v2\/posts\/71036\/revisions"}],"predecessor-version":[{"id":71049,"href":"http:\/\/nszzp.wroclaw.pl\/index.php\/wp-json\/wp\/v2\/posts\/71036\/revisions\/71049"}],"wp:featuredmedia":[{"embeddable":true,"href":"http:\/\/nszzp.wroclaw.pl\/index.php\/wp-json\/wp\/v2\/media\/71037"}],"wp:attachment":[{"href":"http:\/\/nszzp.wroclaw.pl\/index.php\/wp-json\/wp\/v2\/media?parent=71036"}],"wp:term":[{"taxonomy":"category","embeddable":true,"href":"http:\/\/nszzp.wroclaw.pl\/index.php\/wp-json\/wp\/v2\/categories?post=71036"},{"taxonomy":"post_tag","embeddable":true,"href":"http:\/\/nszzp.wroclaw.pl\/index.php\/wp-json\/wp\/v2\/tags?post=71036"}],"curies":[{"name":"wp","href":"https:\/\/api.w.org\/{rel}","templated":true}]}}