{"id":7317,"date":"2018-01-25T20:10:20","date_gmt":"2018-01-25T19:10:20","guid":{"rendered":"http:\/\/nszzp.wroclaw.pl\/?p=7317"},"modified":"2018-01-25T20:10:20","modified_gmt":"2018-01-25T19:10:20","slug":"policjant-z-czestochowy-zemdlal-na-sluzbie-sad-przyznal-mu-odszkodowanie","status":"publish","type":"post","link":"http:\/\/nszzp.wroclaw.pl\/index.php\/2018\/01\/25\/policjant-z-czestochowy-zemdlal-na-sluzbie-sad-przyznal-mu-odszkodowanie\/","title":{"rendered":"Policjant z Cz\u0119stochowy zemdla\u0142 na s\u0142u\u017cbie. S\u0105d przyzna\u0142 mu odszkodowanie"},"content":{"rendered":"<h5 class=\"entry-title\">Policjant z\u00a0Cz\u0119stochowy zemdla\u0142 na\u00a0s\u0142u\u017cbie. S\u0105d przyzna\u0142 mu odszkodowanie<\/h5>\n<p><img loading=\"lazy\" decoding=\"async\" class=\"blazy aligncenter size-full wp-image-7318\" src=\"http:\/\/nszzp.wroclaw.pl\/wp-content\/themes\/newsmag-pro\/assets\/images\/picture_placeholder_list.jpg\" data-src=\"http:\/\/nszzp.wroclaw.pl\/wp-content\/uploads\/2018\/01\/czestochowa_sad_pracy_dpn.jpg\" alt=\"\" width=\"730\" height=\"426\" \/><noscript><img loading=\"lazy\" decoding=\"async\" class=\"aligncenter size-full wp-image-7318\" src=\"http:\/\/nszzp.wroclaw.pl\/wp-content\/uploads\/2018\/01\/czestochowa_sad_pracy_dpn.jpg\" alt=\"\" width=\"730\" height=\"426\" srcset=\"http:\/\/nszzp.wroclaw.pl\/wp-content\/uploads\/2018\/01\/czestochowa_sad_pracy_dpn.jpg 730w, http:\/\/nszzp.wroclaw.pl\/wp-content\/uploads\/2018\/01\/czestochowa_sad_pracy_dpn-300x175.jpg 300w\" sizes=\"auto, (max-width: 730px) 100vw, 730px\" \/><\/noscript><\/p>\n<div class=\"entry-content\">\n<p>Kilkutysi\u0119czne odszkodowanie za\u00a0wypadek w\u00a0pracy policjantowi z\u00a0Cz\u0119stochowy ma wyp\u0142aci\u0107 Komenda Wojew\u00f3dzka Policji w\u00a0Katowicach \u2013 orzek\u0142 24 stycznia s\u0105d pracy. Sierpniowej nocy 2016 roku podczas interwencji na\u00a0Parkitce funkcjonariusz zemdla\u0142, upad\u0142, uszkadzaj\u0105c splot barkowy. <strong>Sprawa trafi\u0142a do\u00a0s\u0105du, bo\u00a0policja nie chcia\u0142a uzna\u0107, \u017ce\u00a0dosz\u0142o do\u00a0wypadku w\u00a0pracy.<\/strong><\/p>\n<p>Dla\u00a0aspiranta Jana Kowalskiego (dane zmienione) z\u00a0komisariatu Komendy Miejskiej Policji w\u00a0Cz\u0119stochowie noc z\u00a030 na\u00a031 sierpnia r. by\u0142a dziewi\u0105ta z\u00a0rz\u0119du \u201enock\u0105\u201d na\u00a0s\u0142u\u017cbie. Zaczyna\u0142 o\u00a0godz. 20, ko\u0144czy\u0142 o\u00a04 nad\u00a0ranem.<\/p>\n<p>Dochodzi\u0142a p\u00f3\u0142noc, gdy aspirant Kowalski i\u00a0jego kolega z\u00a0patrolu zauwa\u017cyli na\u00a0niestrze\u017conym parkingu w\u00a0dzielnicy Parkitka nieo\u015bwietlon\u0105 skod\u0119, w\u00a0kt\u00f3rej siedzia\u0142 kierowca. Aspirant wzi\u0105\u0142 od kontrolowanego kierowcy dokumenty i\u00a0wr\u00f3ci\u0142 do\u00a0radiowozu, by sprawdzi\u0107 dane w\u00a0systemie informatycznym. Gdy dochodzi\u0142 do\u00a0radiowozu, straci\u0142 \u015bwiadomo\u015b\u0107 i\u00a0upad\u0142, wybijaj\u0105c bark.<br \/>\nO\u00a0ca\u0142ej sytuacji funkcjonariusze zawiadomili oficera dy\u017curnego komisariatu. Na\u00a0miejsce przyjecha\u0142 patrol oficerski. <strong>Aspirant Kowalski zosta\u0142 przebadany\u2026 na\u00a0zawarto\u015b\u0107 alkoholu w\u00a0wydychanym powietrzu (sic!)<\/strong> By\u0142 trze\u017awy, kolega z\u00a0patrolu odwi\u00f3z\u0142 radiowozem aspiranta Kowalskiego na\u00a0oddzia\u0142 ratunkowy szpitala na\u00a0Parkitce. Zosta\u0142 p\u00f3\u017aniej wypisany ze szpitala z\u00a0rozpoznaniem: uszkodzenie splotu barkowego z\u00a0cz\u0119\u015bciowym niedow\u0142adem lewej ko\u0144czyny. Po\u00a0trzech miesi\u0105cach na\u00a0L4 aspirant wr\u00f3ci\u0142 do\u00a0s\u0142u\u017cby.<\/p>\n<p>Omdleniem funkcjonariusza i\u00a0p\u00f3\u017aniejszymi skutkami upadku zaj\u0119\u0142a si\u0119 komisja BHP. Przejrza\u0142a grafik s\u0142u\u017cb w\u00a0komisariacie, w\u00a0kt\u00f3rym s\u0142u\u017cy\u0142. Jak napisano w\u00a0notatce urz\u0119dowej: \u201e<strong>Istotnym dla\u00a0tego zdarzenia jest, \u017ce\u00a0policjant pe\u0142ni\u0142 s\u0142u\u017cb\u0119 w\u00a0porze nocnej w\u00a0dniach 22, 23, 26, 27, 28, 29, 30 i\u00a031 sierpnia 2016 r<\/strong>. Sze\u015b\u0107 s\u0142u\u017cb ko\u0144czy\u0142o si\u0119 planowo o\u00a0godz. 4, a\u00a0dwie o\u00a0godz. 2\u2033. Mimo \u017ce\u00a0takie <strong>rozplanowanie s\u0142u\u017cby by\u0142o niezgodnie z\u00a0rozporz\u0105dzeniem MSWiA<\/strong>, komisja nie stwierdzi\u0142a, by uraz aspiranta uzna\u0107 za\u00a0wypadek zwi\u0105zany z\u00a0pe\u0142nieniem s\u0142u\u017cby. <strong>\u015al\u0105ski komendant wojew\u00f3dzki policji odm\u00f3wi\u0142 aspirantowi wyp\u0142aty jednorazowego odszkodowania za\u00a0wypadek w\u00a0pracy.<\/strong> Policjant w\u00a02017 roku odwo\u0142a\u0142 si\u0119 do\u00a0s\u0105du pracy.<br \/>\n<img loading=\"lazy\" decoding=\"async\" class=\"blazy size-medium wp-image-7146 alignleft\" src=\"http:\/\/nszzp.wroclaw.pl\/wp-content\/themes\/newsmag-pro\/assets\/images\/picture_placeholder_list.jpg\" data-src=\"http:\/\/nszzp.pl\/wp-content\/uploads\/2018\/01\/sad_rejonowy_czwa_m-330x113.jpg\" alt=\"\" width=\"330\" height=\"113\" \/><noscript><img loading=\"lazy\" decoding=\"async\" class=\"size-medium wp-image-7146 alignleft\" src=\"http:\/\/nszzp.pl\/wp-content\/uploads\/2018\/01\/sad_rejonowy_czwa_m-330x113.jpg\" alt=\"\" width=\"330\" height=\"113\" \/><\/noscript>Wyrok w\u00a0cz\u0119stochowskim s\u0105dzie pracy zapad\u0142<strong> 24 stycznia 2018 roku.<\/strong> S\u0105d, uznaj\u0105c, \u017ce\u00a0dosz\u0142o do\u00a0wypadku w\u00a0trakcie pracy, nieprawomocnie przyzna\u0142 aspirantowi kilkutysi\u0119czne odszkodowanie. Na\u00a0og\u0142oszeniu decyzji s\u0105du nie stawi\u0142 si\u0119 przedstawiciel pozwanej Komendy Wojew\u00f3dzkiej Policji.<\/p>\n<p>&nbsp;<\/p>\n<p>W\u00a0tej sprawie nie mieli\u015bmy \u017cadnych w\u0105tpliwo\u015bci i\u00a0od samego pocz\u0105tku wspierali\u015bmy naszego Koleg\u0119. Co najwa\u017cniejsze pomogli\u015bmy w\u00a0ca\u0142kowitym sfinansowaniu pe\u0142nomocnictwa procesowego w\u00a0tej sprawie. Cieszymy si\u0119, \u017ce\u00a0S\u0105d potwierdzi\u0142 nasze zdanie \u2013 powiedzia\u0142 kol.<strong> Arkadiusz Kobiela<\/strong>, Przewodnicz\u0105cy Zarz\u0105du Terenowego NSZZ Policjant\u00f3w KMP w\u00a0Cz\u0119stochowie.<\/p>\n<p>To wielki sukces naszych Kole\u017canek i\u00a0Koleg\u00f3w z\u00a0Zarz\u0105du Terenowego NSZZ Policjant\u00f3w KMP w\u00a0Cz\u0119stochowie \u2013 pogratulowa\u0142 <strong>Kazimierz<\/strong> <strong>Barbachowski,<\/strong> Wiceprzewodnicz\u0105cy Zarz\u0105du G\u0142\u00f3wnego NSZZ Policjant\u00f3w.<\/p>\n<figure id=\"attachment_7149\" class=\"wp-caption alignleft\"><img loading=\"lazy\" decoding=\"async\" class=\"blazy wp-image-7149 size-medium\" src=\"http:\/\/nszzp.wroclaw.pl\/wp-content\/themes\/newsmag-pro\/assets\/images\/picture_placeholder_list.jpg\" data-src=\"http:\/\/nszzp.pl\/wp-content\/uploads\/2018\/01\/poczet_d35-171x193.jpg\" sizes=\"auto, (max-width: 171px) 85vw, 171px\" srcset=\"http:\/\/nszzp.pl\/wp-content\/uploads\/2018\/01\/poczet_d35-171x193.jpg 171w, http:\/\/nszzp.pl\/wp-content\/uploads\/2018\/01\/poczet_d35.jpg 200w\" alt=\"\" width=\"171\" height=\"193\" \/><noscript><img loading=\"lazy\" decoding=\"async\" class=\"wp-image-7149 size-medium\" src=\"http:\/\/nszzp.pl\/wp-content\/uploads\/2018\/01\/poczet_d35-171x193.jpg\" sizes=\"auto, (max-width: 171px) 85vw, 171px\" srcset=\"http:\/\/nszzp.pl\/wp-content\/uploads\/2018\/01\/poczet_d35-171x193.jpg 171w, http:\/\/nszzp.pl\/wp-content\/uploads\/2018\/01\/poczet_d35.jpg 200w\" alt=\"\" width=\"171\" height=\"193\" \/><\/noscript><figcaption class=\"wp-caption-text\">Kazimierz Barbachowski<\/figcaption><\/figure>\n<p>\u2013 Od pocz\u0105tku obserwowa\u0142em ich wielkie zaanga\u017cowanie w\u00a0pomoc dla\u00a0swojego Kolegi, podobnie jak w\u00a0sprawie powszechnie znanego pom\u00f3wienia policjant\u00f3w ruchu drogowego, o\u00a0kt\u00f3rym ostatnio g\u0142o\u015bno by\u0142o w\u00a0mediach. Ten wyrok utwierdza nas w\u00a0przekonaniu o\u00a0potrzebie i\u00a0celowo\u015bci naszej dzia\u0142alno\u015bci. Warto podkre\u015bli\u0107, i\u017c to tak\u017ce przyk\u0142ad korzy\u015bci z\u00a0przynale\u017cno\u015bci do\u00a0Funduszu Ochrony Prawnej \u2013 podsumowa\u0142 <strong>Kazimierz Barbachowski.<\/strong><\/p>\n<\/div>\n<div class=\"zroodloBox\"><span class=\"zrodlo\">\u017ar\u00f3d\u0142o:<\/span> <a title=\"http:\/\/czestochowa.wyborcza.pl\/czestochowa\/7,89625,22938821,policjant-z-czestochowy-zemdlal-na-sluzbie-sad-przyznal-mu.html\" href=\"http:\/\/czestochowa.wyborcza.pl\/czestochowa\/7,89625,22938821,policjant-z-czestochowy-zemdlal-na-sluzbie-sad-przyznal-mu.html\" target=\"_blank\" rel=\"noopener noreferrer\">http:\/\/czestochowa.wyborcza.pl\/czestochowa\/7,89625,22938821,policjant-z-czestochowy-zemdlal-na-sluzbie-sad-przyznal-mu.html<\/a> <span class=\"date\">2018.01.25<\/span><\/div>\n","protected":false},"excerpt":{"rendered":"<p>Policjant z\u00a0Cz\u0119stochowy zemdla\u0142 na\u00a0s\u0142u\u017cbie. S\u0105d przyzna\u0142 mu odszkodowanie Kilkutysi\u0119czne odszkodowanie za\u00a0wypadek w\u00a0pracy policjantowi z\u00a0Cz\u0119stochowy ma wyp\u0142aci\u0107 Komenda Wojew\u00f3dzka Policji w\u00a0Katowicach \u2013 orzek\u0142 24 stycznia s\u0105d pracy. Sierpniowej nocy 2016 roku podczas interwencji na\u00a0Parkitce funkcjonariusz zemdla\u0142, upad\u0142, uszkadzaj\u0105c splot barkowy. Sprawa trafi\u0142a do\u00a0s\u0105du, bo\u00a0policja nie chcia\u0142a uzna\u0107, \u017ce\u00a0dosz\u0142o do\u00a0wypadku w\u00a0pracy. Dla\u00a0aspiranta Jana Kowalskiego (dane zmienione) z\u00a0komisariatu [&hellip;]<\/p>\n","protected":false},"author":2,"featured_media":7318,"comment_status":"closed","ping_status":"closed","sticky":false,"template":"","format":"standard","meta":{"footnotes":""},"categories":[8,28,1],"tags":[],"class_list":["post-7317","post","type-post","status-publish","format-standard","has-post-thumbnail","hentry","category-kolumna-3","category-baner","category-bez-kategorii"],"_links":{"self":[{"href":"http:\/\/nszzp.wroclaw.pl\/index.php\/wp-json\/wp\/v2\/posts\/7317","targetHints":{"allow":["GET"]}}],"collection":[{"href":"http:\/\/nszzp.wroclaw.pl\/index.php\/wp-json\/wp\/v2\/posts"}],"about":[{"href":"http:\/\/nszzp.wroclaw.pl\/index.php\/wp-json\/wp\/v2\/types\/post"}],"author":[{"embeddable":true,"href":"http:\/\/nszzp.wroclaw.pl\/index.php\/wp-json\/wp\/v2\/users\/2"}],"replies":[{"embeddable":true,"href":"http:\/\/nszzp.wroclaw.pl\/index.php\/wp-json\/wp\/v2\/comments?post=7317"}],"version-history":[{"count":1,"href":"http:\/\/nszzp.wroclaw.pl\/index.php\/wp-json\/wp\/v2\/posts\/7317\/revisions"}],"predecessor-version":[{"id":7319,"href":"http:\/\/nszzp.wroclaw.pl\/index.php\/wp-json\/wp\/v2\/posts\/7317\/revisions\/7319"}],"wp:featuredmedia":[{"embeddable":true,"href":"http:\/\/nszzp.wroclaw.pl\/index.php\/wp-json\/wp\/v2\/media\/7318"}],"wp:attachment":[{"href":"http:\/\/nszzp.wroclaw.pl\/index.php\/wp-json\/wp\/v2\/media?parent=7317"}],"wp:term":[{"taxonomy":"category","embeddable":true,"href":"http:\/\/nszzp.wroclaw.pl\/index.php\/wp-json\/wp\/v2\/categories?post=7317"},{"taxonomy":"post_tag","embeddable":true,"href":"http:\/\/nszzp.wroclaw.pl\/index.php\/wp-json\/wp\/v2\/tags?post=7317"}],"curies":[{"name":"wp","href":"https:\/\/api.w.org\/{rel}","templated":true}]}}