{"id":7421,"date":"2018-01-29T00:14:57","date_gmt":"2018-01-28T23:14:57","guid":{"rendered":"http:\/\/nszzp.wroclaw.pl\/?p=7421"},"modified":"2018-01-29T00:14:57","modified_gmt":"2018-01-28T23:14:57","slug":"protest-policjantow-wydzialu-prewencji-w-malborku-mowia-o-mobbingu-poszli-na-zwolnienia-lub-urlopy-a-kwp-bada-sprawe","status":"publish","type":"post","link":"http:\/\/nszzp.wroclaw.pl\/index.php\/2018\/01\/29\/protest-policjantow-wydzialu-prewencji-w-malborku-mowia-o-mobbingu-poszli-na-zwolnienia-lub-urlopy-a-kwp-bada-sprawe\/","title":{"rendered":"Protest policjant\u00f3w Wydzia\u0142u Prewencji w Malborku. M\u00f3wi\u0105 o mobbingu, poszli na zwolnienia lub urlopy, a KWP bada spraw\u0119"},"content":{"rendered":"<h1 class=\"entry-title\">Protest policjant\u00f3w Wydzia\u0142u Prewencji w\u00a0Malborku. M\u00f3wi\u0105 o\u00a0mobbingu, poszli na\u00a0zwolnienia lub\u00a0urlopy, a\u00a0KWP bada spraw\u0119<\/h1>\n<p><img loading=\"lazy\" decoding=\"async\" class=\"blazy aligncenter size-full wp-image-7422\" src=\"http:\/\/nszzp.wroclaw.pl\/wp-content\/themes\/newsmag-pro\/assets\/images\/picture_placeholder_list.jpg\" data-src=\"http:\/\/nszzp.wroclaw.pl\/wp-content\/uploads\/2018\/01\/malbork_dk.jpg\" alt=\"\" width=\"730\" height=\"350\" \/><noscript><img loading=\"lazy\" decoding=\"async\" class=\"aligncenter size-full wp-image-7422\" src=\"http:\/\/nszzp.wroclaw.pl\/wp-content\/uploads\/2018\/01\/malbork_dk.jpg\" alt=\"\" width=\"730\" height=\"350\" srcset=\"http:\/\/nszzp.wroclaw.pl\/wp-content\/uploads\/2018\/01\/malbork_dk.jpg 730w, http:\/\/nszzp.wroclaw.pl\/wp-content\/uploads\/2018\/01\/malbork_dk-300x144.jpg 300w\" sizes=\"auto, (max-width: 730px) 100vw, 730px\" \/><\/noscript><\/p>\n<div class=\"entry-content\">\n<p>15 policjant\u00f3w Zespo\u0142u Patrolowo-Interwencyjnego Wydzia\u0142u Prewencji malborskiej komendy posz\u0142o na\u00a0zwolnienia lekarskie lub\u00a0urlop. M\u00f3wi\u0105 o\u00a0mobbingu. Spraw\u0119 bada Komenda Wojew\u00f3dzka Policji. O\u00a0sprawie na\u00a0pocz\u0105tku tygodnia poinformowa\u0142a TV Malbork, powo\u0142uj\u0105c si\u0119 na\u00a0policjant\u00f3w, kt\u00f3rzy kierownictwu malborskiego garnizonu zarzucaj\u0105 stosowanie mobbingu. Mia\u0142 on si\u0119 wi\u0105za\u0107 z\u00a0wywieraniem presji na\u00a0funkcjonariuszy patrol\u00f3wki, by windowali statystyki skuteczno\u015bci.<\/p>\n<p>Tyle \u017ce\u00a0\u2013 jak wynika z\u00a0relacji przekazanych telewizji przez\u00a0mundurowych \u2013 podczas s\u0142u\u017cby mieli oni si\u0119 skupia\u0107 na\u00a0sprawdzaniu numer\u00f3w identyfikacyjnych aparat\u00f3w kom\u00f3rkowych, kontrolowaniu rowerzyst\u00f3w i\u00a0legitymowaniu nieletnich. Przed kamer\u0105 TV Malbork komendant powiatowy m\u0142. insp. Micha\u0142 Zapolski zaprzeczy\u0142, by dochodzi\u0142o do\u00a0mobbingu.<\/p>\n<p>Faktem jest, \u017ce\u00a0w ubieg\u0142y pi\u0105tek 13 policjant\u00f3w Zespo\u0142u Patrolowo-Interwencyjnego posz\u0142o (i nadal na\u00a0nich przebywa) na\u00a0\u2013 jak wyja\u015bnia Komenda Powiatowa Policji \u2013 kr\u00f3tkotrwa\u0142e zwolnienia lekarskie, a\u00a0dw\u00f3ch funkcjonariuszy na\u00a0zaplanowane urlopy. Spraw\u0119 doniesie\u0144 o\u00a0mobbingu w\u00a0malborskiej jednostce sprawdzaj\u0105 ju\u017c s\u0142u\u017cby komendanta wojew\u00f3dzkiego policji. \u2013 Komendant wojew\u00f3dzki poleci\u0142 uruchomi\u0107 procedur\u0119 antymobbingow\u0105 w\u00a0malborskiej jednostce.<\/p>\n<p>Na\u00a0miejsce skierowano zesp\u00f3\u0142 psycholog\u00f3w oraz\u00a0specjalist\u00f3w z\u00a0Wydzia\u0142u Kontroli KWP w\u00a0Gda\u0144sku, kt\u00f3rzy zajm\u0105 si\u0119 diagnozowaniem sytuacji w\u00a0komendzie \u2013 t\u0142umaczy nadkom. Joanna Kowalik-Kosi\u0144ska, rzecznik prasowy KWP. \u2013 Dodatkowo, w\u00a0jednostce zosta\u0142a powo\u0142ana specjalna grupa policjant\u00f3w, kt\u00f3rzy maj\u0105 ustali\u0107, czy\u00a0dochodzi\u0142o do\u00a0jakichkolwiek nieprawid\u0142owo\u015bci. Wszystkie informacje b\u0119d\u0105 przez\u00a0nas szczeg\u00f3\u0142owo weryfikowane. Absencja a\u017c 15 policjant\u00f3w, kt\u00f3rzy na\u00a0co dzie\u0144 najbli\u017cej czuwaj\u0105 nad\u00a0bezpiecze\u0144stwem ludzi, ma prawo niepokoi\u0107 mieszka\u0144c\u00f3w. KWP informuje, \u017ce\u00a0w Komendzie Powiatowej Policji w\u00a0Malborku s\u0142u\u017cb\u0119 pe\u0142ni na\u00a0co dzie\u0144 blisko 120 policjant\u00f3w,a \u201ewprowadzone zmiany w\u00a0organizacji s\u0142u\u017cby gwarantuj\u0105 zachowanie bezpiecze\u0144stwa na\u00a0dotychczasowym poziomie\u201d. \u2013 Komendant wojew\u00f3dzki policji w\u00a0Gda\u0144sku na\u00a0bie\u017c\u0105co monitoruje sytuacj\u0119 w\u00a0tej jednostce.<\/p>\n<p>O\u00a0ewentualnych dalszych dzia\u0142aniach w\u00a0tej sprawie b\u0119dziemy mogli informowa\u0107 po\u00a0zako\u0144czonym post\u0119powaniu \u2013 dodaje nadkom. Joanna Kowalik-Kosi\u0144ska. W\u00a0kr\u00f3tkim czasie to kolejna kontrowersyjna sprawa w\u00a0malborskim garnizonie policji. Wydzia\u0142 Kontroli KWP dopiero co zako\u0144czy\u0142 post\u0119powanie dyscyplinarne wobec komendanta powiatowego i\u00a0post\u0119powanie sprawdzaj\u0105ce w\u00a0zwi\u0105zku z\u00a0zagini\u0119ciem broni sygna\u0142owej, do\u00a0kt\u00f3rego dosz\u0142o w\u00a0pierwszej po\u0142owie ubieg\u0142ego roku.<\/p>\n<p>\u0179r\u00f3d\u0142o: Fakty TVN<\/p>\n<p>za: http:\/\/zwnszzp-katowice.pl\/protest-policjantow-wydzialu-prewencji-malborku-mowia-o-mobbingu-poszli-zwolnienia-lub-urlopy-a-kwp-bada-sprawe\/<\/p>\n<\/div>\n","protected":false},"excerpt":{"rendered":"<p>Protest policjant\u00f3w Wydzia\u0142u Prewencji w\u00a0Malborku. M\u00f3wi\u0105 o\u00a0mobbingu, poszli na\u00a0zwolnienia lub\u00a0urlopy, a\u00a0KWP bada spraw\u0119 15 policjant\u00f3w Zespo\u0142u Patrolowo-Interwencyjnego Wydzia\u0142u Prewencji malborskiej komendy posz\u0142o na\u00a0zwolnienia lekarskie lub\u00a0urlop. M\u00f3wi\u0105 o\u00a0mobbingu. Spraw\u0119 bada Komenda Wojew\u00f3dzka Policji. O\u00a0sprawie na\u00a0pocz\u0105tku tygodnia poinformowa\u0142a TV Malbork, powo\u0142uj\u0105c si\u0119 na\u00a0policjant\u00f3w, kt\u00f3rzy kierownictwu malborskiego garnizonu zarzucaj\u0105 stosowanie mobbingu. Mia\u0142 on si\u0119 wi\u0105za\u0107 z\u00a0wywieraniem presji na\u00a0funkcjonariuszy [&hellip;]<\/p>\n","protected":false},"author":2,"featured_media":7422,"comment_status":"closed","ping_status":"closed","sticky":false,"template":"","format":"standard","meta":{"footnotes":""},"categories":[28,1,6],"tags":[],"class_list":["post-7421","post","type-post","status-publish","format-standard","has-post-thumbnail","hentry","category-baner","category-bez-kategorii","category-kolumna-1"],"_links":{"self":[{"href":"http:\/\/nszzp.wroclaw.pl\/index.php\/wp-json\/wp\/v2\/posts\/7421","targetHints":{"allow":["GET"]}}],"collection":[{"href":"http:\/\/nszzp.wroclaw.pl\/index.php\/wp-json\/wp\/v2\/posts"}],"about":[{"href":"http:\/\/nszzp.wroclaw.pl\/index.php\/wp-json\/wp\/v2\/types\/post"}],"author":[{"embeddable":true,"href":"http:\/\/nszzp.wroclaw.pl\/index.php\/wp-json\/wp\/v2\/users\/2"}],"replies":[{"embeddable":true,"href":"http:\/\/nszzp.wroclaw.pl\/index.php\/wp-json\/wp\/v2\/comments?post=7421"}],"version-history":[{"count":1,"href":"http:\/\/nszzp.wroclaw.pl\/index.php\/wp-json\/wp\/v2\/posts\/7421\/revisions"}],"predecessor-version":[{"id":7423,"href":"http:\/\/nszzp.wroclaw.pl\/index.php\/wp-json\/wp\/v2\/posts\/7421\/revisions\/7423"}],"wp:featuredmedia":[{"embeddable":true,"href":"http:\/\/nszzp.wroclaw.pl\/index.php\/wp-json\/wp\/v2\/media\/7422"}],"wp:attachment":[{"href":"http:\/\/nszzp.wroclaw.pl\/index.php\/wp-json\/wp\/v2\/media?parent=7421"}],"wp:term":[{"taxonomy":"category","embeddable":true,"href":"http:\/\/nszzp.wroclaw.pl\/index.php\/wp-json\/wp\/v2\/categories?post=7421"},{"taxonomy":"post_tag","embeddable":true,"href":"http:\/\/nszzp.wroclaw.pl\/index.php\/wp-json\/wp\/v2\/tags?post=7421"}],"curies":[{"name":"wp","href":"https:\/\/api.w.org\/{rel}","templated":true}]}}