{"id":8408,"date":"2018-03-01T11:48:29","date_gmt":"2018-03-01T10:48:29","guid":{"rendered":"http:\/\/nszzp.wroclaw.pl\/?p=8408"},"modified":"2018-03-01T11:48:29","modified_gmt":"2018-03-01T10:48:29","slug":"policjant-w-rekach-specjalistow-przeszedl-nowatorska-operacje-httpwww-tvn24-pl","status":"publish","type":"post","link":"http:\/\/nszzp.wroclaw.pl\/index.php\/2018\/03\/01\/policjant-w-rekach-specjalistow-przeszedl-nowatorska-operacje-httpwww-tvn24-pl\/","title":{"rendered":"Policjant w r\u0119kach specjalist\u00f3w.  Przeszed\u0142 nowatorsk\u0105 operacj\u0119.  (http:\/\/www.tvn24.pl)"},"content":{"rendered":"<h5>Lekarze z Uniwersyteckiego Szpitala Klinicznego we Wroc\u0142awiu przeszczepili nerw kulszowy od zmar\u0142ego dawcy policjantowi rannemu w ubieg\u0142ym roku w strzelaninie w Wiszni Ma\u0142ej.<\/h5>\n<h5>Taki zabieg rekonstrukcji uszkodzonego nerwu zosta\u0142 przeprowadzony po raz pierwszy w Europie. Ranny policjant, kt\u00f3ry mia\u0142 ran\u0119 postrza\u0142ow\u0105 biodra, przeszed\u0142 dwie operacje. Pierwsza, kt\u00f3ra odby\u0142a si\u0119 11 grudnia ubieg\u0142ego roku, polega\u0142a na oczyszczeniu rany postrza\u0142owej, usuni\u0119ciu od\u0142amk\u00f3w ko\u015bci udowej oraz wszczepieniu endoprotezy stawu biodrowego. Wtedy te\u017c stwierdzono siedmiocentymetrowy ubytek cz\u0119\u015bci strza\u0142kowej nerwu kulszowego. Nerw kulszowy jest ko\u0144cow\u0105 ga\u0142\u0119zi\u0105 splotu krzy\u017cowego, zaopatruje ruchowo tyln\u0105 grup\u0119 mi\u0119\u015bni uda oraz ruchowo i czuciowo ca\u0142e podudzie i stop\u0119. Stanowi grube na p\u00f3\u0142 centymetra pasmo odchodz\u0105ce od wszystkich nerw\u00f3w, kt\u00f3re tworz\u0105 splot krzy\u017cowy. 8 lutego tego roku odby\u0142 si\u0119 drugi zabieg &#8211; rzadko wykonywana rekonstrukcja nerwu kulszowego. Nerw obwodowy zosta\u0142 pobrany od zmar\u0142ego dawcy. Zosta\u0142 wszyty technik\u0105 mikrochirurgiczn\u0105, przy u\u017cyciu szw\u00f3w mikrochirurgicznych i kleju tkankowego. Policjant w r\u0119kach specjalist\u00f3w.<\/h5>\n<p><img loading=\"lazy\" decoding=\"async\" class=\"blazy aligncenter size-large wp-image-8409\" src=\"http:\/\/nszzp.wroclaw.pl\/wp-content\/themes\/newsmag-pro\/assets\/images\/picture_placeholder_list.jpg\" data-src=\"http:\/\/nszzp.wroclaw.pl\/wp-content\/uploads\/2018\/03\/banerff-1-1024x435.jpg\" alt=\"\" width=\"1024\" height=\"435\" \/><noscript><img loading=\"lazy\" decoding=\"async\" class=\"aligncenter size-large wp-image-8409\" src=\"http:\/\/nszzp.wroclaw.pl\/wp-content\/uploads\/2018\/03\/banerff-1-1024x435.jpg\" alt=\"\" width=\"1024\" height=\"435\" srcset=\"http:\/\/nszzp.wroclaw.pl\/wp-content\/uploads\/2018\/03\/banerff-1-1024x435.jpg 1024w, http:\/\/nszzp.wroclaw.pl\/wp-content\/uploads\/2018\/03\/banerff-1-300x128.jpg 300w, http:\/\/nszzp.wroclaw.pl\/wp-content\/uploads\/2018\/03\/banerff-1-768x326.jpg 768w\" sizes=\"auto, (max-width: 1024px) 100vw, 1024px\" \/><\/noscript><\/p>\n<p><img loading=\"lazy\" decoding=\"async\" class=\"blazy aligncenter  wp-image-8412\" src=\"http:\/\/nszzp.wroclaw.pl\/wp-content\/themes\/newsmag-pro\/assets\/images\/picture_placeholder_list.jpg\" data-src=\"http:\/\/nszzp.wroclaw.pl\/wp-content\/uploads\/2018\/03\/baneeer-1-1024x765.jpg\" alt=\"\" width=\"574\" height=\"429\" \/><noscript><img loading=\"lazy\" decoding=\"async\" class=\"aligncenter  wp-image-8412\" src=\"http:\/\/nszzp.wroclaw.pl\/wp-content\/uploads\/2018\/03\/baneeer-1-1024x765.jpg\" alt=\"\" width=\"574\" height=\"429\" srcset=\"http:\/\/nszzp.wroclaw.pl\/wp-content\/uploads\/2018\/03\/baneeer-1-1024x765.jpg 1024w, http:\/\/nszzp.wroclaw.pl\/wp-content\/uploads\/2018\/03\/baneeer-1-300x224.jpg 300w, http:\/\/nszzp.wroclaw.pl\/wp-content\/uploads\/2018\/03\/baneeer-1-768x574.jpg 768w, http:\/\/nszzp.wroclaw.pl\/wp-content\/uploads\/2018\/03\/baneeer-1-360x270.jpg 360w\" sizes=\"auto, (max-width: 574px) 100vw, 574px\" \/><\/noscript><\/p>\n<h5><a href=\"https:\/\/www.tvn24.pl\/wroclaw,44\/policjant-ranny-w-strzelaninie-ma-przeszczepiony-nerw-od-zmarlego,818680.html\" target=\"_blank\" rel=\"noopener noreferrer\">https:\/\/www.tvn24.pl\/wroclaw,44\/policjant-ranny-w-strzelaninie-ma-przeszczepiony-nerw-od-zmarlego,818680.html<\/a><\/h5>\n<p>&nbsp;<\/p>\n<p>&nbsp;<\/p>\n","protected":false},"excerpt":{"rendered":"<p>Lekarze z Uniwersyteckiego Szpitala Klinicznego we Wroc\u0142awiu przeszczepili nerw kulszowy od zmar\u0142ego dawcy policjantowi rannemu w ubieg\u0142ym roku w strzelaninie w Wiszni Ma\u0142ej. Taki zabieg rekonstrukcji uszkodzonego nerwu zosta\u0142 przeprowadzony po raz pierwszy w Europie. Ranny policjant, kt\u00f3ry mia\u0142 ran\u0119 postrza\u0142ow\u0105 biodra, przeszed\u0142 dwie operacje. Pierwsza, kt\u00f3ra odby\u0142a si\u0119 11 grudnia ubieg\u0142ego roku, polega\u0142a na [&hellip;]<\/p>\n","protected":false},"author":2,"featured_media":8409,"comment_status":"closed","ping_status":"closed","sticky":false,"template":"","format":"standard","meta":{"footnotes":""},"categories":[28,1,6],"tags":[],"class_list":["post-8408","post","type-post","status-publish","format-standard","has-post-thumbnail","hentry","category-baner","category-bez-kategorii","category-kolumna-1"],"_links":{"self":[{"href":"http:\/\/nszzp.wroclaw.pl\/index.php\/wp-json\/wp\/v2\/posts\/8408","targetHints":{"allow":["GET"]}}],"collection":[{"href":"http:\/\/nszzp.wroclaw.pl\/index.php\/wp-json\/wp\/v2\/posts"}],"about":[{"href":"http:\/\/nszzp.wroclaw.pl\/index.php\/wp-json\/wp\/v2\/types\/post"}],"author":[{"embeddable":true,"href":"http:\/\/nszzp.wroclaw.pl\/index.php\/wp-json\/wp\/v2\/users\/2"}],"replies":[{"embeddable":true,"href":"http:\/\/nszzp.wroclaw.pl\/index.php\/wp-json\/wp\/v2\/comments?post=8408"}],"version-history":[{"count":1,"href":"http:\/\/nszzp.wroclaw.pl\/index.php\/wp-json\/wp\/v2\/posts\/8408\/revisions"}],"predecessor-version":[{"id":8413,"href":"http:\/\/nszzp.wroclaw.pl\/index.php\/wp-json\/wp\/v2\/posts\/8408\/revisions\/8413"}],"wp:featuredmedia":[{"embeddable":true,"href":"http:\/\/nszzp.wroclaw.pl\/index.php\/wp-json\/wp\/v2\/media\/8409"}],"wp:attachment":[{"href":"http:\/\/nszzp.wroclaw.pl\/index.php\/wp-json\/wp\/v2\/media?parent=8408"}],"wp:term":[{"taxonomy":"category","embeddable":true,"href":"http:\/\/nszzp.wroclaw.pl\/index.php\/wp-json\/wp\/v2\/categories?post=8408"},{"taxonomy":"post_tag","embeddable":true,"href":"http:\/\/nszzp.wroclaw.pl\/index.php\/wp-json\/wp\/v2\/tags?post=8408"}],"curies":[{"name":"wp","href":"https:\/\/api.w.org\/{rel}","templated":true}]}}