{"id":8504,"date":"2018-03-04T10:26:19","date_gmt":"2018-03-04T09:26:19","guid":{"rendered":"http:\/\/nszzp.wroclaw.pl\/?p=8504"},"modified":"2018-03-04T10:26:19","modified_gmt":"2018-03-04T09:26:19","slug":"nagroda-roczna-dla-funkcjonariusza-jaki-czas-trzeba-pelnic-sluzbe","status":"publish","type":"post","link":"http:\/\/nszzp.wroclaw.pl\/index.php\/2018\/03\/04\/nagroda-roczna-dla-funkcjonariusza-jaki-czas-trzeba-pelnic-sluzbe\/","title":{"rendered":"Nagroda roczna dla funkcjonariusza &#8211; jaki czas trzeba pe\u0142ni\u0107 s\u0142u\u017cb\u0119"},"content":{"rendered":"<h1 id=\"article-title\" class=\"article__title js-voice-read\">Nagroda roczna ( 13 ) dla funkcjonariusza &#8211; jaki czas trzeba pe\u0142ni\u0107 s\u0142u\u017cb\u0119<\/h1>\n<div class=\"article__lead js-voice-read\">Zasady, na jakich funkcjonariusze poszczeg\u00f3lnych formacji nabywaj\u0105 prawo do nagrody rocznej r\u00f3\u017cni\u0105 si\u0119 mi\u0119dzy sob\u0105. W niekt\u00f3rych kwestiach nawet znacznie.<\/div>\n<div class=\"article__content js-voice-read\">\n<p>&#8211; <strong>Policjant zosta\u0142 przyj\u0119ty do s\u0142u\u017cby z dniem 1 sierpnia 2017 r. A jego kolega zosta\u0142 funkcjonariuszem Stra\u017cy Granicznej na pocz\u0105tku grudnia 2017 r. Czy obaj dostan\u0105 nagrod\u0119 roczn\u0105 za 2017 rok?<\/strong><\/p>\n<p>Nagrod\u0119 otrzyma tylko funkcjonariusz Stra\u017cy Granicznej, policjant raczej nie (nie mo\u017ce wykaza\u0107 wymaganego okresu s\u0142u\u017cby), chyba, \u017ce zajd\u0105 okoliczno\u015bci zwalniaj\u0105ce go z tego obowi\u0105zku.<\/p>\n<p><img loading=\"lazy\" decoding=\"async\" class=\"blazy aligncenter size-large wp-image-8508\" src=\"http:\/\/nszzp.wroclaw.pl\/wp-content\/themes\/newsmag-pro\/assets\/images\/picture_placeholder_list.jpg\" data-src=\"http:\/\/nszzp.wroclaw.pl\/wp-content\/uploads\/2018\/03\/IMG_2875-1024x321.jpg\" alt=\"\" width=\"1024\" height=\"321\" \/><noscript><img loading=\"lazy\" decoding=\"async\" class=\"aligncenter size-large wp-image-8508\" src=\"http:\/\/nszzp.wroclaw.pl\/wp-content\/uploads\/2018\/03\/IMG_2875-1024x321.jpg\" alt=\"\" width=\"1024\" height=\"321\" srcset=\"http:\/\/nszzp.wroclaw.pl\/wp-content\/uploads\/2018\/03\/IMG_2875-1024x321.jpg 1024w, http:\/\/nszzp.wroclaw.pl\/wp-content\/uploads\/2018\/03\/IMG_2875-300x94.jpg 300w, http:\/\/nszzp.wroclaw.pl\/wp-content\/uploads\/2018\/03\/IMG_2875-768x241.jpg 768w, http:\/\/nszzp.wroclaw.pl\/wp-content\/uploads\/2018\/03\/IMG_2875.jpg 1899w\" sizes=\"auto, (max-width: 1024px) 100vw, 1024px\" \/><\/noscript><\/p>\n<p>Odpowiednikiem \u201e13&#8243; wyp\u0142acanej pracownikom sfery bud\u017cetowej w s\u0142u\u017cbach mundurowych jest nagroda roczna. Warunki nabycia, obni\u017cenia lub utraty prawa do tego \u015bwiadczenia nie reguluje jednak jedna ustawa (w przypadku pracownik\u00f3w bud\u017cet\u00f3wki jest to ustawa o dodatkowym wynagrodzeniu rocznym) a ustawy pragmatyczne okre\u015blaj\u0105ce \u201epo swojemu&#8221; prawa i obowi\u0105zki funkcjonariuszy poszczeg\u00f3lnych s\u0142u\u017cb.<\/p>\n<p>Zgodnie z art. 110 ust. 2 ustawy o Policji (dalej uop) nagroda roczna przys\u0142uguje, je\u017celi policjant w danym roku kalendarzowym pe\u0142ni\u0142 s\u0142u\u017cb\u0119 przez okres, co najmniej sze\u015bciu miesi\u0119cy kalendarzowych. Okresy s\u0142u\u017cby kr\u00f3tsze od miesi\u0105ca kalendarzowego sumuje si\u0119, przyjmuj\u0105c, \u017ce ka\u017cde 30 dni s\u0142u\u017cby stanowi pe\u0142ny miesi\u0105c kalendarzowy.<\/p>\n<p><a href=\"http:\/\/www.rp.pl\/Mundurowi\/301169977-Nagroda-roczna-dla-funkcjonariusza---jaki-czas-trzeba-pelnic-sluzbe.html\" target=\"_blank\" rel=\"noopener noreferrer\">Czytaj dalej&#8230; <\/a><\/p>\n<p>\u017ar\u00f3d\u0142o: <a href=\"http:\/\/www.rp.pl\/Mundurowi\/301169977-Nagroda-roczna-dla-funkcjonariusza---jaki-czas-trzeba-pelnic-sluzbe.html\" target=\"_blank\" rel=\"noopener noreferrer\">http:\/\/www.rp.pl\/Mundurowi\/301169977-Nagroda-roczna-dla-funkcjonariusza&#8212;jaki-czas-trzeba-pelnic-sluzbe.html<\/a>\u00a0\u00a0\u00a0 04.03.2018<\/p>\n<\/div>\n","protected":false},"excerpt":{"rendered":"<p>Nagroda roczna ( 13 ) dla funkcjonariusza &#8211; jaki czas trzeba pe\u0142ni\u0107 s\u0142u\u017cb\u0119 Zasady, na jakich funkcjonariusze poszczeg\u00f3lnych formacji nabywaj\u0105 prawo do nagrody rocznej r\u00f3\u017cni\u0105 si\u0119 mi\u0119dzy sob\u0105. W niekt\u00f3rych kwestiach nawet znacznie. &#8211; Policjant zosta\u0142 przyj\u0119ty do s\u0142u\u017cby z dniem 1 sierpnia 2017 r. A jego kolega zosta\u0142 funkcjonariuszem Stra\u017cy Granicznej na pocz\u0105tku grudnia [&hellip;]<\/p>\n","protected":false},"author":2,"featured_media":8508,"comment_status":"closed","ping_status":"closed","sticky":false,"template":"","format":"standard","meta":{"footnotes":""},"categories":[8,28,1],"tags":[],"class_list":["post-8504","post","type-post","status-publish","format-standard","has-post-thumbnail","hentry","category-kolumna-3","category-baner","category-bez-kategorii"],"_links":{"self":[{"href":"http:\/\/nszzp.wroclaw.pl\/index.php\/wp-json\/wp\/v2\/posts\/8504","targetHints":{"allow":["GET"]}}],"collection":[{"href":"http:\/\/nszzp.wroclaw.pl\/index.php\/wp-json\/wp\/v2\/posts"}],"about":[{"href":"http:\/\/nszzp.wroclaw.pl\/index.php\/wp-json\/wp\/v2\/types\/post"}],"author":[{"embeddable":true,"href":"http:\/\/nszzp.wroclaw.pl\/index.php\/wp-json\/wp\/v2\/users\/2"}],"replies":[{"embeddable":true,"href":"http:\/\/nszzp.wroclaw.pl\/index.php\/wp-json\/wp\/v2\/comments?post=8504"}],"version-history":[{"count":1,"href":"http:\/\/nszzp.wroclaw.pl\/index.php\/wp-json\/wp\/v2\/posts\/8504\/revisions"}],"predecessor-version":[{"id":8509,"href":"http:\/\/nszzp.wroclaw.pl\/index.php\/wp-json\/wp\/v2\/posts\/8504\/revisions\/8509"}],"wp:featuredmedia":[{"embeddable":true,"href":"http:\/\/nszzp.wroclaw.pl\/index.php\/wp-json\/wp\/v2\/media\/8508"}],"wp:attachment":[{"href":"http:\/\/nszzp.wroclaw.pl\/index.php\/wp-json\/wp\/v2\/media?parent=8504"}],"wp:term":[{"taxonomy":"category","embeddable":true,"href":"http:\/\/nszzp.wroclaw.pl\/index.php\/wp-json\/wp\/v2\/categories?post=8504"},{"taxonomy":"post_tag","embeddable":true,"href":"http:\/\/nszzp.wroclaw.pl\/index.php\/wp-json\/wp\/v2\/tags?post=8504"}],"curies":[{"name":"wp","href":"https:\/\/api.w.org\/{rel}","templated":true}]}}