{"id":8642,"date":"2018-03-07T22:26:01","date_gmt":"2018-03-07T21:26:01","guid":{"rendered":"http:\/\/nszzp.wroclaw.pl\/?p=8642"},"modified":"2018-03-07T22:26:01","modified_gmt":"2018-03-07T21:26:01","slug":"no-to-witamy-w-polskiej-rzeczywistosci-strazak-zmarl-rodzina-bez-odszkodowania-bo-stres-jest-wpisany-w-ten-zawod","status":"publish","type":"post","link":"http:\/\/nszzp.wroclaw.pl\/index.php\/2018\/03\/07\/no-to-witamy-w-polskiej-rzeczywistosci-strazak-zmarl-rodzina-bez-odszkodowania-bo-stres-jest-wpisany-w-ten-zawod\/","title":{"rendered":"No to witamy w polskiej rzeczywisto\u015bci : Stra\u017cak zmar\u0142. Rodzina bez odszkodowania, bo &#8222;stres jest wpisany w ten zaw\u00f3d&#8221;"},"content":{"rendered":"<h1 class=\"article--title _1xAmRvR\" data-reactid=\"430\">Stra\u017cak zmar\u0142 podczas gaszenia po\u017caru. Rodzina bez odszkodowania, bo &#8222;stres jest wpisany w ten zaw\u00f3d&#8221;<\/h1>\n<h5 class=\"article--lead _1HGmjUl\" data-reactid=\"432\">ZUS odm\u00f3wi\u0142 wyp\u0142aty zado\u015b\u0107uczynienia rodzinie stra\u017caka w Czystej D\u0119binie (woj. lubelskie). M\u0119\u017cczyzna dosta\u0142 zawa\u0142u podczas gaszenia po\u017caru.<\/h5>\n<p><img loading=\"lazy\" decoding=\"async\" class=\"blazy aligncenter size-large wp-image-8643\" src=\"http:\/\/nszzp.wroclaw.pl\/wp-content\/themes\/newsmag-pro\/assets\/images\/picture_placeholder_list.jpg\" data-src=\"http:\/\/nszzp.wroclaw.pl\/wp-content\/uploads\/2018\/03\/IMG_5979-1024x492.jpg\" alt=\"\" width=\"1024\" height=\"492\" \/><noscript><img loading=\"lazy\" decoding=\"async\" class=\"aligncenter size-large wp-image-8643\" src=\"http:\/\/nszzp.wroclaw.pl\/wp-content\/uploads\/2018\/03\/IMG_5979-1024x492.jpg\" alt=\"\" width=\"1024\" height=\"492\" srcset=\"http:\/\/nszzp.wroclaw.pl\/wp-content\/uploads\/2018\/03\/IMG_5979-1024x492.jpg 1024w, http:\/\/nszzp.wroclaw.pl\/wp-content\/uploads\/2018\/03\/IMG_5979-300x144.jpg 300w, http:\/\/nszzp.wroclaw.pl\/wp-content\/uploads\/2018\/03\/IMG_5979-768x369.jpg 768w\" sizes=\"auto, (max-width: 1024px) 100vw, 1024px\" \/><\/noscript><\/p>\n<h5 class=\"article--lead _1HGmjUl\" data-reactid=\"432\">W maju 2017 r. pan Jerzy ruszy\u0142 do gaszenia po\u017caru, kt\u00f3ry wybuch\u0142 w centrum wsi. Piorun uderzy\u0142 w budynek gospodarczy, na ty\u0142ach kt\u00f3rego sta\u0142 sk\u0142ad butli z gazem &#8211; informuje portal polsatnews.pl. 61-latek praktycznie sam upora\u0142 si\u0119 z ogniem.<\/h5>\n<h5 class=\"article--lead _1HGmjUl\" data-reactid=\"432\">Kiedy po\u017car by\u0142 ugaszony, dosz\u0142o do dramatu. &#8211; Wsiad\u0142 do samochodu, zacz\u0105\u0142 cofa\u0107 i przewr\u00f3ci\u0142 si\u0119 na siedzenie pasa\u017cera. Straci\u0142 przytomno\u015b\u0107 za kierownic\u0105 &#8211; m\u00f3wi\u0105 mieszka\u0144cy i koledzy m\u0119\u017cczyzny ze stra\u017cy. Pan Jerzy zosta\u0142 b\u0142yskawicznie przetransportowany do szpitala.<\/h5>\n<h5 class=\"article--lead _1HGmjUl\" data-reactid=\"432\">Niestety, nie uda\u0142o si\u0119 go uratowa\u0107. Zawa\u0142 wywo\u0142a\u0142y wysi\u0142ek, stres i zm\u0119czenie. Pracodawca m\u0119\u017cczyzny zwr\u00f3ci\u0142 si\u0119 do ZUS-u o odszkodowanie dla rodziny. Ten odm\u00f3wi\u0142 wyp\u0142aty pieni\u0119dzy, argumentuj\u0105c to ryzykiem zawodowym.<\/h5>\n<h5 class=\"article--lead _1HGmjUl\" data-reactid=\"432\">&#8211; To karygodne &#8211; komentuj\u0105 decyzj\u0119 mieszka\u0144cy. Gmina powo\u0142a\u0142a zesp\u00f3\u0142, kt\u00f3ry zbada\u0142 tragedi\u0119 i uzna\u0142 to za wypadek przy pracy. &#8211; Nie by\u0142 chory, mia\u0142 zgod\u0119 od lekarza na prac\u0119 &#8211; m\u00f3wi inspektor BHP Ewa Nie\u017adzior.\u00a0 Rodzina odwo\u0142a\u0142a si\u0119 w sprawie decyzji ZUS do s\u0105du.<\/h5>\n<div class=\"article--lead _1HGmjUl\" data-reactid=\"432\"><\/div>\n<div class=\"article--lead _1HGmjUl\" data-reactid=\"432\">\u017ar\u00f3d\u0142o: <a href=\"https:\/\/wiadomosci.wp.pl\/strazak-zmarl-podczas-gaszenia-pozaru-rodzina-bez-odszkodowania-bo-stres-jest-wpisany-w-ten-zawod-6227759352747649a\" target=\"_blank\" rel=\"noopener noreferrer\">https:\/\/wiadomosci.wp.pl\/strazak-zmarl-podczas-gaszenia-pozaru-rodzina-bez-odszkodowania-bo-stres-jest-wpisany-w-ten-zawod-6227759352747649a\u00a0\u00a0\u00a0\u00a0\u00a0 07.03.2018 r. <\/a><\/div>\n","protected":false},"excerpt":{"rendered":"<p>Stra\u017cak zmar\u0142 podczas gaszenia po\u017caru. Rodzina bez odszkodowania, bo &#8222;stres jest wpisany w ten zaw\u00f3d&#8221; ZUS odm\u00f3wi\u0142 wyp\u0142aty zado\u015b\u0107uczynienia rodzinie stra\u017caka w Czystej D\u0119binie (woj. lubelskie). M\u0119\u017cczyzna dosta\u0142 zawa\u0142u podczas gaszenia po\u017caru. W maju 2017 r. pan Jerzy ruszy\u0142 do gaszenia po\u017caru, kt\u00f3ry wybuch\u0142 w centrum wsi. Piorun uderzy\u0142 w budynek gospodarczy, na ty\u0142ach kt\u00f3rego [&hellip;]<\/p>\n","protected":false},"author":2,"featured_media":0,"comment_status":"closed","ping_status":"closed","sticky":false,"template":"","format":"standard","meta":{"footnotes":""},"categories":[8,28,1],"tags":[],"class_list":["post-8642","post","type-post","status-publish","format-standard","hentry","category-kolumna-3","category-baner","category-bez-kategorii"],"_links":{"self":[{"href":"http:\/\/nszzp.wroclaw.pl\/index.php\/wp-json\/wp\/v2\/posts\/8642","targetHints":{"allow":["GET"]}}],"collection":[{"href":"http:\/\/nszzp.wroclaw.pl\/index.php\/wp-json\/wp\/v2\/posts"}],"about":[{"href":"http:\/\/nszzp.wroclaw.pl\/index.php\/wp-json\/wp\/v2\/types\/post"}],"author":[{"embeddable":true,"href":"http:\/\/nszzp.wroclaw.pl\/index.php\/wp-json\/wp\/v2\/users\/2"}],"replies":[{"embeddable":true,"href":"http:\/\/nszzp.wroclaw.pl\/index.php\/wp-json\/wp\/v2\/comments?post=8642"}],"version-history":[{"count":1,"href":"http:\/\/nszzp.wroclaw.pl\/index.php\/wp-json\/wp\/v2\/posts\/8642\/revisions"}],"predecessor-version":[{"id":8645,"href":"http:\/\/nszzp.wroclaw.pl\/index.php\/wp-json\/wp\/v2\/posts\/8642\/revisions\/8645"}],"wp:attachment":[{"href":"http:\/\/nszzp.wroclaw.pl\/index.php\/wp-json\/wp\/v2\/media?parent=8642"}],"wp:term":[{"taxonomy":"category","embeddable":true,"href":"http:\/\/nszzp.wroclaw.pl\/index.php\/wp-json\/wp\/v2\/categories?post=8642"},{"taxonomy":"post_tag","embeddable":true,"href":"http:\/\/nszzp.wroclaw.pl\/index.php\/wp-json\/wp\/v2\/tags?post=8642"}],"curies":[{"name":"wp","href":"https:\/\/api.w.org\/{rel}","templated":true}]}}