{"id":8866,"date":"2018-03-14T23:18:48","date_gmt":"2018-03-14T22:18:48","guid":{"rendered":"http:\/\/nszzp.wroclaw.pl\/?p=8866"},"modified":"2018-03-14T23:18:59","modified_gmt":"2018-03-14T22:18:59","slug":"podwyzki-dla-budzetowki-tylko-z-obcietych-etatow-ile-zarabiaja-pracownicy-cywilni","status":"publish","type":"post","link":"http:\/\/nszzp.wroclaw.pl\/index.php\/2018\/03\/14\/podwyzki-dla-budzetowki-tylko-z-obcietych-etatow-ile-zarabiaja-pracownicy-cywilni\/","title":{"rendered":"Podwy\u017cki dla bud\u017cet\u00f3wki tylko z obci\u0119tych etat\u00f3w. Ile zarabiaj\u0105 pracownicy cywilni ?"},"content":{"rendered":"<h5 class=\"open title\">Je\u017celi policjanci z zazdro\u015bci\u0105 patrz\u0105 na zarobki i przywileje pracownik\u00f3w w marketach to co dopiero mo\u017cna powiedzie\u0107 o zarobkach naszych pracownik\u00f3w cywilnych. Wi\u0119kszo\u015b\u0107 z nich ledwo si\u0119ga pensji minimalnej, a s\u0105 to cz\u0119sto pracownicy z wieloletnim sta\u017cem i do\u015bwiadczeniem. Nie mog\u0105 liczy\u0107 te\u017c na inne przywileje i dodatki.\u00a0 \u0179le, a nawet bardzo \u017ale to wygl\u0105da na tle innych urz\u0119dnik\u00f3w, pracownicy policji s\u0105 ostatni pod wzgl\u0119dem wysoko\u015bci zarobk\u00f3w. Kolejni w tabeli pracownicy urz\u0119d\u00f3w wojew\u00f3dzkich zarabiaj\u0105 \u015brednio 50 % wi\u0119cej.\u00a0 \u015arednia pensja pracownika policji 3100 z\u0142 z premi\u0105 roczn\u0105.\u00a0\u00a0 Szans na popraw\u0119 nie wida\u0107, a pracy przybywa.\u00a0 Warto przeczyta\u0107 tre\u015b\u0107 artyku\u0142u poni\u017cej.<\/h5>\n<h1 class=\"open title\">Podwy\u017cki dla bud\u017cet\u00f3wki tylko z obci\u0119tych etat\u00f3w.<\/h1>\n<p>\u017ar\u00f3d\u0142o: <a href=\"http:\/\/serwisy.gazetaprawna.pl\/praca-i-kariera\/artykuly\/1110551,zatrudnienie-i-wynagrodzenie-w-sluzbie-cywilnej.html\" target=\"_blank\" rel=\"noopener noreferrer\">http:\/\/serwisy.gazetaprawna.pl\/praca-i-kariera\/artykuly\/1110551,zatrudnienie-i-wynagrodzenie-w-sluzbie-cywilnej.html<\/a>\u00a0\u00a0\u00a0\u00a0\u00a0\u00a0 autor: <strong>Artur Radwan<\/strong>13.03.2018<\/p>\n<p><img loading=\"lazy\" decoding=\"async\" class=\"blazy aligncenter size-full wp-image-8867\" src=\"http:\/\/nszzp.wroclaw.pl\/wp-content\/themes\/newsmag-pro\/assets\/images\/picture_placeholder_list.jpg\" data-src=\"http:\/\/nszzp.wroclaw.pl\/wp-content\/uploads\/2018\/03\/3281588-zatrudnienie-i-wynagrodzenie-w.jpg\" alt=\"\" width=\"573\" height=\"643\" \/><noscript><img loading=\"lazy\" decoding=\"async\" class=\"aligncenter size-full wp-image-8867\" src=\"http:\/\/nszzp.wroclaw.pl\/wp-content\/uploads\/2018\/03\/3281588-zatrudnienie-i-wynagrodzenie-w.jpg\" alt=\"\" width=\"573\" height=\"643\" srcset=\"http:\/\/nszzp.wroclaw.pl\/wp-content\/uploads\/2018\/03\/3281588-zatrudnienie-i-wynagrodzenie-w.jpg 573w, http:\/\/nszzp.wroclaw.pl\/wp-content\/uploads\/2018\/03\/3281588-zatrudnienie-i-wynagrodzenie-w-267x300.jpg 267w\" sizes=\"auto, (max-width: 573px) 100vw, 573px\" \/><\/noscript><\/p>\n<p>Szefowie urz\u0119d\u00f3w pa\u0144stwowych narzekaj\u0105, \u017ce maj\u0105 za du\u017co zada\u0144, a likwidacja cz\u0119\u015bci stanowisk po odchodz\u0105cych pracownikach sparali\u017cuje administracj\u0119. Premier Mateusz Morawiecki idzie \u015bladami Donalda Tuska. Tak samo jak on chce, aby szefowie urz\u0119d\u00f3w administracji rz\u0105dowej nie zwi\u0119kszali zatrudnienia, a w miejsce dw\u00f3ch odchodz\u0105cych z pracy urz\u0119dnik\u00f3w przyjmowany by\u0142 jeden. To ma spowodowa\u0107 zmniejszenie zatrudnienia \u015brednio o 3, 4 proc., a zaoszcz\u0119dzone pieni\u0105dze b\u0119d\u0105 przeznaczone na podwy\u017cki dla pracuj\u0105cych.<\/p>\n<p>(&#8230;)<\/p>\n<p class=\"srodtyt\">Ospa\u0142a walka o podwy\u017cki<\/p>\n<p class=\"tresc\">Urz\u0119dnicze zwi\u0105zki uwa\u017caj\u0105, \u017ce w s\u0142u\u017cbie cywilnej nale\u017cy odmrozi\u0107 tzw. kwot\u0119 bazow\u0105, kt\u00f3ra od 2009 r. nie ulega\u0142a zmianie. Je\u015bli w tym czasie pojawia\u0142y si\u0119 podwy\u017cki, to nie odbywa\u0142y si\u0119 one automatycznie, tylko przez procentowy wzrost funduszu wynagrodze\u0144 dla poszczeg\u00f3lnych urz\u0119d\u00f3w. W 2016 r. by\u0142o to ok. 6 proc., rok p\u00f3\u017aniej 1,3 proc. Z kolei w tym roku tylko w niekt\u00f3rych urz\u0119dach znalaz\u0142y si\u0119 dodatkowe \u015brodki na niewielki wzrost <a title=\"kalkulator p\u0142ac\" href=\"http:\/\/www.infor.pl\/kalkulatory\/kalkulator-wynagrodzen-plac.html\">p\u0142ac<\/a> dla najmniej zarabiaj\u0105cych. \u2013 Odmro\u017cenie p\u0142ac musi nast\u0105pi\u0107 w ca\u0142ej sferze bud\u017cetowej i czekamy na rozpatrzenie przez premiera i ministra pracy naszego wniosku o spotkanie w tej sprawie w Radzie Dialogu Spo\u0142ecznego \u2013 m\u00f3wi Mariusz Kolasi\u0144ski, przewodnicz\u0105cy zespo\u0142u pracownik\u00f3w bud\u017cet\u00f3wki Solidarno\u015b\u0107 z oddzia\u0142u w Bydgoszczy.<\/p>\n<p class=\"tresc\">Bardziej realnie wypowiada si\u0119 Lucyna Walczykowska.<\/p>\n<p class=\"tresc\">\u2013 W tym roku nie mamy szans na podwy\u017cki, bo przecie\u017c mamy ju\u017c uchwalony bud\u017cet. Prowadzimy rozmowy z osobami decyzyjnymi. Zarz\u0105d naszego zwi\u0105zku ma te\u017c w tej sprawie rozmawia\u0107 z <a title=\"premier\" href=\"http:\/\/www.dziennik.pl\/tagi\/premier\">premierem<\/a>, ale jaki b\u0119dzie fina\u0142, tego nie wiemy \u2013 m\u00f3wi Walczykowska. \u2013 Z pewno\u015bci\u0105 satysfakcjonowa\u0142by nas 20-proc. wzrost p\u0142ac \u2013 dodaje.<\/p>\n<p class=\"tresc\">Z powodu niskiego uzwi\u0105zkowienia urz\u0119dnik\u00f3w (zaledwie kilka procent) do tej pory nikt nigdy nie by\u0142 w stanie wywalczy\u0107 podwy\u017cki dla s\u0142u\u017cby cywilnej.<\/p>\n<p class=\"tresc\">Czytaj ca\u0142y tekst: <a href=\"http:\/\/serwisy.gazetaprawna.pl\/praca-i-kariera\/artykuly\/1110551,zatrudnienie-i-wynagrodzenie-w-sluzbie-cywilnej.html\" target=\"_blank\" rel=\"noopener noreferrer\">http:\/\/serwisy.gazetaprawna.pl\/praca-i-kariera\/artykuly\/1110551,zatrudnienie-i-wynagrodzenie-w-sluzbie-cywilnej.html<\/a><\/p>\n<p>&nbsp;<\/p>\n","protected":false},"excerpt":{"rendered":"<p>Je\u017celi policjanci z zazdro\u015bci\u0105 patrz\u0105 na zarobki i przywileje pracownik\u00f3w w marketach to co dopiero mo\u017cna powiedzie\u0107 o zarobkach naszych pracownik\u00f3w cywilnych. Wi\u0119kszo\u015b\u0107 z nich ledwo si\u0119ga pensji minimalnej, a s\u0105 to cz\u0119sto pracownicy z wieloletnim sta\u017cem i do\u015bwiadczeniem. Nie mog\u0105 liczy\u0107 te\u017c na inne przywileje i dodatki.\u00a0 \u0179le, a nawet bardzo \u017ale to wygl\u0105da [&hellip;]<\/p>\n","protected":false},"author":2,"featured_media":8869,"comment_status":"closed","ping_status":"closed","sticky":false,"template":"","format":"standard","meta":{"footnotes":""},"categories":[8,28,1],"tags":[],"class_list":["post-8866","post","type-post","status-publish","format-standard","has-post-thumbnail","hentry","category-kolumna-3","category-baner","category-bez-kategorii"],"_links":{"self":[{"href":"http:\/\/nszzp.wroclaw.pl\/index.php\/wp-json\/wp\/v2\/posts\/8866","targetHints":{"allow":["GET"]}}],"collection":[{"href":"http:\/\/nszzp.wroclaw.pl\/index.php\/wp-json\/wp\/v2\/posts"}],"about":[{"href":"http:\/\/nszzp.wroclaw.pl\/index.php\/wp-json\/wp\/v2\/types\/post"}],"author":[{"embeddable":true,"href":"http:\/\/nszzp.wroclaw.pl\/index.php\/wp-json\/wp\/v2\/users\/2"}],"replies":[{"embeddable":true,"href":"http:\/\/nszzp.wroclaw.pl\/index.php\/wp-json\/wp\/v2\/comments?post=8866"}],"version-history":[{"count":2,"href":"http:\/\/nszzp.wroclaw.pl\/index.php\/wp-json\/wp\/v2\/posts\/8866\/revisions"}],"predecessor-version":[{"id":8871,"href":"http:\/\/nszzp.wroclaw.pl\/index.php\/wp-json\/wp\/v2\/posts\/8866\/revisions\/8871"}],"wp:featuredmedia":[{"embeddable":true,"href":"http:\/\/nszzp.wroclaw.pl\/index.php\/wp-json\/wp\/v2\/media\/8869"}],"wp:attachment":[{"href":"http:\/\/nszzp.wroclaw.pl\/index.php\/wp-json\/wp\/v2\/media?parent=8866"}],"wp:term":[{"taxonomy":"category","embeddable":true,"href":"http:\/\/nszzp.wroclaw.pl\/index.php\/wp-json\/wp\/v2\/categories?post=8866"},{"taxonomy":"post_tag","embeddable":true,"href":"http:\/\/nszzp.wroclaw.pl\/index.php\/wp-json\/wp\/v2\/tags?post=8866"}],"curies":[{"name":"wp","href":"https:\/\/api.w.org\/{rel}","templated":true}]}}