{"id":9302,"date":"2018-04-11T19:50:00","date_gmt":"2018-04-11T17:50:00","guid":{"rendered":"http:\/\/nszzp.wroclaw.pl\/?p=9302"},"modified":"2018-04-11T19:50:00","modified_gmt":"2018-04-11T17:50:00","slug":"policja-w-lodzi-maz-zaufania-w-komendzie-bedzie-reforma-antymobbingowa","status":"publish","type":"post","link":"http:\/\/nszzp.wroclaw.pl\/index.php\/2018\/04\/11\/policja-w-lodzi-maz-zaufania-w-komendzie-bedzie-reforma-antymobbingowa\/","title":{"rendered":"Policja w \u0141odzi. M\u0105\u017c zaufania w komendzie. B\u0119dzie reforma antymobbingowa"},"content":{"rendered":"<div class=\"art-headline\">\n<h1 class=\"art-title\">Policja w \u0141odzi. M\u0105\u017c zaufania w komendzie. B\u0119dzie reforma antymobbingowa<\/h1>\n<\/div>\n<div class=\"art-header-meta\">\n<div class=\"art-authors\"><span class=\"art-author\">Blanka Rogowska<\/span>\u00a0\u00a0 \u017ar\u00f3d\u0142o: <a href=\"http:\/\/lodz.wyborcza.pl\/lodz\/7,35136,23251006,policja-w-lodzi-beda-zmiany-dotyczace-mobbingu-i-dyskryminacji.html\" target=\"_blank\" rel=\"noopener noreferrer\">http:\/\/lodz.wyborcza.pl\/lodz\/7,35136,23251006,policja-w-lodzi-beda-zmiany-dotyczace-mobbingu-i-dyskryminacji.html<\/a><\/div>\n<\/div>\n<div class=\"art-authors\"><\/div>\n<div class=\"art-authors\">\n<section class=\"article-lead\">Mobbing w komendach policji jest w tej chwili praktycznie nie do udowodnienia. Ale ma si\u0119 to zmieni\u0107 m.in. za spraw\u0105 m\u0119\u017ca zaufania. \u0141\u00f3dzcy policjanci &#8211; jako pierwsi w kraju &#8211; wprowadz\u0105 reform\u0119 antymobbingow\u0105.<\/section>\n<section class=\"article-text\">\n<section class=\"art_content\">\n<p class=\"art_paragraph\">O z\u0142ej atmosferze na komisariatach pisali\u015bmy w lutym. Zwi\u0105zkowcy z \u0142\u00f3dzkiego zarz\u0105du NSZZ Policjant\u00f3w skar\u017cyli si\u0119, \u017ce procedury anymobbingowe u nich nie dzia\u0142aj\u0105.<\/p>\n<p class=\"art_paragraph\"><img loading=\"lazy\" decoding=\"async\" class=\"blazy aligncenter size-large wp-image-9303\" src=\"http:\/\/nszzp.wroclaw.pl\/wp-content\/themes\/newsmag-pro\/assets\/images\/picture_placeholder_list.jpg\" data-src=\"http:\/\/nszzp.wroclaw.pl\/wp-content\/uploads\/2018\/04\/foto-8-1024x321.jpg\" alt=\"\" width=\"1024\" height=\"321\" \/><noscript><img loading=\"lazy\" decoding=\"async\" class=\"aligncenter size-large wp-image-9303\" src=\"http:\/\/nszzp.wroclaw.pl\/wp-content\/uploads\/2018\/04\/foto-8-1024x321.jpg\" alt=\"\" width=\"1024\" height=\"321\" srcset=\"http:\/\/nszzp.wroclaw.pl\/wp-content\/uploads\/2018\/04\/foto-8-1024x321.jpg 1024w, http:\/\/nszzp.wroclaw.pl\/wp-content\/uploads\/2018\/04\/foto-8-300x94.jpg 300w, http:\/\/nszzp.wroclaw.pl\/wp-content\/uploads\/2018\/04\/foto-8-768x241.jpg 768w, http:\/\/nszzp.wroclaw.pl\/wp-content\/uploads\/2018\/04\/foto-8.jpg 1899w\" sizes=\"auto, (max-width: 1024px) 100vw, 1024px\" \/><\/noscript><\/p>\n<p class=\"art_paragraph\">Krzysztof Balcer, przewodnicz\u0105cy zwi\u0105zku, opowiada\u0142 m.in. o ci\u0105gn\u0105cym si\u0119 ju\u017c blisko rok post\u0119powaniu, kt\u00f3re wyja\u015bnia, czy naczelnik z komendy w Piotrkowie Trybunalskim mobbingowa\u0142 policjanta. Kiedy rzekomo pokrzywdzony mundurowy poskar\u017cy\u0142 si\u0119 na prze\u0142o\u017conego, dosta\u0142 przeniesienie do ma\u0142ego, gminnego komisariatu. To wobec niego wszcz\u0119to post\u0119powanie dyscyplinarne, bo&#8230; podobno u\u017cywa\u0142 wulgaryzm\u00f3w. Strony nawzajem obrzucaj\u0105 si\u0119 oskar\u017ceniami, a sprawa najpewniej sko\u0144czy si\u0119 w s\u0105dzie. \u015aledztwo wszcz\u0119\u0142a ju\u017c Prokuratura Rejonowa w Radomsku.<\/p>\n<p class=\"art_paragraph\">Takich przypadk\u00f3w jest wi\u0119cej.<\/p>\n<p class=\"art_paragraph\">(&#8230;) Wed\u0142ug zwi\u0105zkowc\u00f3w uzdrowienie procedur antymobbingowych, a co za tym idzie, atmosfery na komisariatach, jest warunkiem koniecznym, obok podwy\u017cek, do rozwi\u0105zania problem\u00f3w wolnych wakat\u00f3w w policji. Potwierdza to dr Mo\u015bcicka-Teske, psycholog i psychoterapeutka z Uniwersytetu SWPS, kt\u00f3ra od 20 lat bada atmosfer\u0119 pracy w polskiej policji:(&#8230;)<\/p>\n<p class=\"art_paragraph\"><a href=\"http:\/\/lodz.wyborcza.pl\/lodz\/7,35136,23251006,policja-w-lodzi-beda-zmiany-dotyczace-mobbingu-i-dyskryminacji.html\" target=\"_blank\" rel=\"noopener noreferrer\"><strong><span style=\"color: #0000ff;\">Czytaj Dalej&#8230;<\/span><\/strong><\/a><\/p>\n<\/section>\n<\/section>\n<\/div>\n<p>&nbsp;<\/p>\n<p>&nbsp;<\/p>\n<p>&nbsp;<\/p>\n","protected":false},"excerpt":{"rendered":"<p>Policja w \u0141odzi. M\u0105\u017c zaufania w komendzie. B\u0119dzie reforma antymobbingowa Blanka Rogowska\u00a0\u00a0 \u017ar\u00f3d\u0142o: http:\/\/lodz.wyborcza.pl\/lodz\/7,35136,23251006,policja-w-lodzi-beda-zmiany-dotyczace-mobbingu-i-dyskryminacji.html Mobbing w komendach policji jest w tej chwili praktycznie nie do udowodnienia. Ale ma si\u0119 to zmieni\u0107 m.in. za spraw\u0105 m\u0119\u017ca zaufania. \u0141\u00f3dzcy policjanci &#8211; jako pierwsi w kraju &#8211; wprowadz\u0105 reform\u0119 antymobbingow\u0105. O z\u0142ej atmosferze na komisariatach pisali\u015bmy w lutym. [&hellip;]<\/p>\n","protected":false},"author":2,"featured_media":9303,"comment_status":"closed","ping_status":"closed","sticky":false,"template":"","format":"standard","meta":{"footnotes":""},"categories":[28,446,6],"tags":[],"class_list":["post-9302","post","type-post","status-publish","format-standard","has-post-thumbnail","hentry","category-baner","category-przeglad","category-kolumna-1"],"_links":{"self":[{"href":"http:\/\/nszzp.wroclaw.pl\/index.php\/wp-json\/wp\/v2\/posts\/9302","targetHints":{"allow":["GET"]}}],"collection":[{"href":"http:\/\/nszzp.wroclaw.pl\/index.php\/wp-json\/wp\/v2\/posts"}],"about":[{"href":"http:\/\/nszzp.wroclaw.pl\/index.php\/wp-json\/wp\/v2\/types\/post"}],"author":[{"embeddable":true,"href":"http:\/\/nszzp.wroclaw.pl\/index.php\/wp-json\/wp\/v2\/users\/2"}],"replies":[{"embeddable":true,"href":"http:\/\/nszzp.wroclaw.pl\/index.php\/wp-json\/wp\/v2\/comments?post=9302"}],"version-history":[{"count":1,"href":"http:\/\/nszzp.wroclaw.pl\/index.php\/wp-json\/wp\/v2\/posts\/9302\/revisions"}],"predecessor-version":[{"id":9304,"href":"http:\/\/nszzp.wroclaw.pl\/index.php\/wp-json\/wp\/v2\/posts\/9302\/revisions\/9304"}],"wp:featuredmedia":[{"embeddable":true,"href":"http:\/\/nszzp.wroclaw.pl\/index.php\/wp-json\/wp\/v2\/media\/9303"}],"wp:attachment":[{"href":"http:\/\/nszzp.wroclaw.pl\/index.php\/wp-json\/wp\/v2\/media?parent=9302"}],"wp:term":[{"taxonomy":"category","embeddable":true,"href":"http:\/\/nszzp.wroclaw.pl\/index.php\/wp-json\/wp\/v2\/categories?post=9302"},{"taxonomy":"post_tag","embeddable":true,"href":"http:\/\/nszzp.wroclaw.pl\/index.php\/wp-json\/wp\/v2\/tags?post=9302"}],"curies":[{"name":"wp","href":"https:\/\/api.w.org\/{rel}","templated":true}]}}