{"id":9392,"date":"2018-04-17T15:58:36","date_gmt":"2018-04-17T13:58:36","guid":{"rendered":"http:\/\/nszzp.wroclaw.pl\/?p=9392"},"modified":"2018-04-17T15:58:36","modified_gmt":"2018-04-17T13:58:36","slug":"beda-podwyzki-70-polakow-ocenia-dobrze-polska-policje-mowil-dzis-minister-joachim-brudzinski","status":"publish","type":"post","link":"http:\/\/nszzp.wroclaw.pl\/index.php\/2018\/04\/17\/beda-podwyzki-70-polakow-ocenia-dobrze-polska-policje-mowil-dzis-minister-joachim-brudzinski\/","title":{"rendered":"B\u0119d\u0105 podwy\u017cki ! 70% Polak\u00f3w ocenia dobrze polsk\u0105 Policj\u0119 &#8211; m\u00f3wi\u0142 dzi\u015b minister Joachim Brudzi\u0144ski"},"content":{"rendered":"<h4>Pan minister po raz kolejny o podwy\u017ckach dla s\u0142u\u017cb mundurowych i ustawie modernizacyjnej.\u00a0 Ale te\u017c podzi\u0119kowania za dobr\u0105 s\u0142u\u017cb\u0119 i wysok\u0105 ocen\u0119 spo\u0142eczn\u0105.<\/h4>\n<h4>70% Polak\u00f3w ocenia dobrze polsk\u0105 Policj\u0119 &#8211; m\u00f3wi\u0142 dzi\u015b minister <a id=\"js_1op\" class=\"profileLink\" href=\"https:\/\/www.facebook.com\/JoachimBrudzinski\/?fref=mentions\" data-hovercard=\"\/ajax\/hovercard\/page.php?id=722625777782250&amp;extragetparams=%7B%22fref%22%3A%22mentions%22%7D\" data-hovercard-prefer-more-content-show=\"1\">Joachim Brudzi\u0144ski<\/a> podczas konferencji prasowej w KPRM<\/h4>\n<div class=\"newsmag-video-container\">\n<div id=\"fb-root\"><\/div>\n<p><script>(function(d, s, id) {  var js, fjs = d.getElementsByTagName(s)[0];  if (d.getElementById(id)) return;  js = d.createElement(s); js.id = id;  js.src = 'https:\/\/connect.facebook.net\/pl_PL\/sdk.js#xfbml=1&version=v2.12';  fjs.parentNode.insertBefore(js, fjs);}(document, 'script', 'facebook-jssdk'));<\/script><\/p>\n<div class=\"fb-video\" data-href=\"https:\/\/www.facebook.com\/MSWiARP\/videos\/1876952829045736\/\" data-width=\"1110\">\n<blockquote cite=\"https:\/\/www.facebook.com\/MSWiARP\/videos\/1876952829045736\/\" class=\"fb-xfbml-parse-ignore\"><p><a href=\"https:\/\/www.facebook.com\/MSWiARP\/videos\/1876952829045736\/\">Konferencja w KPRM<\/a><\/p>\n<p>70% Polak\u00f3w ocenia dobrze polsk\u0105 Policj\u0119 &#8211; m\u00f3wi\u0142 dzi\u015b minister Joachim Brudzi\u0144ski podczas konferencji prasowej w KPRM.<\/p>\n<p>Opublikowany przez <a href=\"https:\/\/www.facebook.com\/MSWiARP\/\">Ministerstwo Spraw Wewn\u0119trznych i Administracji<\/a> 17 kwietnia 2018<\/p><\/blockquote>\n<\/div>\n<\/div>\n<p>&nbsp;<\/p>\n<p>Fot. A. Mitura \/ MSWiA<\/p>\n<div class=\"newsmag-video-container\">\n<div id=\"fb-root\"><\/div>\n<p><script>(function(d, s, id) {  var js, fjs = d.getElementsByTagName(s)[0];  if (d.getElementById(id)) return;  js = d.createElement(s); js.id = id;  js.src = 'https:\/\/connect.facebook.net\/pl_PL\/sdk.js#xfbml=1&version=v2.12';  fjs.parentNode.insertBefore(js, fjs);}(document, 'script', 'facebook-jssdk'));<\/script><\/p>\n<div class=\"fb-video\" data-href=\"https:\/\/www.facebook.com\/MSWiARP\/videos\/1876871229053896\/\" data-width=\"1110\">\n<blockquote cite=\"https:\/\/www.facebook.com\/MSWiARP\/videos\/1876871229053896\/\" class=\"fb-xfbml-parse-ignore\"><p><a href=\"https:\/\/www.facebook.com\/MSWiARP\/videos\/1876871229053896\/\">Konferencja prasowa w Kancelarii Premiera<\/a><\/p>\n<p>? Dzisiejsza wypowied\u017a dla medi\u00f3w premiera Mateusza Morawieckiego, ministra Joachim Brudzi\u0144ski oraz Komendanta G\u0142\u00f3wnego Polska Policja Jaros\u0142awa Szymczyka.Fot. A. Mitura \/ MSWiA<\/p>\n<p>Opublikowany przez <a href=\"https:\/\/www.facebook.com\/MSWiARP\/\">Ministerstwo Spraw Wewn\u0119trznych i Administracji<\/a> 17 kwietnia 2018<\/p><\/blockquote>\n<\/div>\n<\/div>\n<p>&nbsp;<\/p>\n<p>\u017ar\u00f3d\u0142o: <a href=\"https:\/\/www.facebook.com\/MSWiARP\/?hc_ref=ARSHUn6q1vmmd4ieJ7rdXfmzOSy-FaxqofOR8sOu9Thc6TUPpAwi6xuV9NFA16AUwX8\" target=\"_blank\" rel=\"noopener noreferrer\">https:\/\/www.facebook.com\/MSWiARP\/?hc_ref=ARSHUn6q1vmmd4ieJ7rdXfmzOSy-FaxqofOR8sOu9Thc6TUPpAwi6xuV9NFA16AUwX8<\/a><\/p>\n","protected":false},"excerpt":{"rendered":"<p>Pan minister po raz kolejny o podwy\u017ckach dla s\u0142u\u017cb mundurowych i ustawie modernizacyjnej.\u00a0 Ale te\u017c podzi\u0119kowania za dobr\u0105 s\u0142u\u017cb\u0119 i wysok\u0105 ocen\u0119 spo\u0142eczn\u0105. 70% Polak\u00f3w ocenia dobrze polsk\u0105 Policj\u0119 &#8211; m\u00f3wi\u0142 dzi\u015b minister Joachim Brudzi\u0144ski podczas konferencji prasowej w KPRM Konferencja w KPRM 70% Polak\u00f3w ocenia dobrze polsk\u0105 Policj\u0119 &#8211; m\u00f3wi\u0142 dzi\u015b minister Joachim Brudzi\u0144ski [&hellip;]<\/p>\n","protected":false},"author":2,"featured_media":9393,"comment_status":"closed","ping_status":"closed","sticky":false,"template":"","format":"standard","meta":{"footnotes":""},"categories":[8,28,1],"tags":[],"class_list":["post-9392","post","type-post","status-publish","format-standard","has-post-thumbnail","hentry","category-kolumna-3","category-baner","category-bez-kategorii"],"_links":{"self":[{"href":"http:\/\/nszzp.wroclaw.pl\/index.php\/wp-json\/wp\/v2\/posts\/9392","targetHints":{"allow":["GET"]}}],"collection":[{"href":"http:\/\/nszzp.wroclaw.pl\/index.php\/wp-json\/wp\/v2\/posts"}],"about":[{"href":"http:\/\/nszzp.wroclaw.pl\/index.php\/wp-json\/wp\/v2\/types\/post"}],"author":[{"embeddable":true,"href":"http:\/\/nszzp.wroclaw.pl\/index.php\/wp-json\/wp\/v2\/users\/2"}],"replies":[{"embeddable":true,"href":"http:\/\/nszzp.wroclaw.pl\/index.php\/wp-json\/wp\/v2\/comments?post=9392"}],"version-history":[{"count":1,"href":"http:\/\/nszzp.wroclaw.pl\/index.php\/wp-json\/wp\/v2\/posts\/9392\/revisions"}],"predecessor-version":[{"id":9394,"href":"http:\/\/nszzp.wroclaw.pl\/index.php\/wp-json\/wp\/v2\/posts\/9392\/revisions\/9394"}],"wp:featuredmedia":[{"embeddable":true,"href":"http:\/\/nszzp.wroclaw.pl\/index.php\/wp-json\/wp\/v2\/media\/9393"}],"wp:attachment":[{"href":"http:\/\/nszzp.wroclaw.pl\/index.php\/wp-json\/wp\/v2\/media?parent=9392"}],"wp:term":[{"taxonomy":"category","embeddable":true,"href":"http:\/\/nszzp.wroclaw.pl\/index.php\/wp-json\/wp\/v2\/categories?post=9392"},{"taxonomy":"post_tag","embeddable":true,"href":"http:\/\/nszzp.wroclaw.pl\/index.php\/wp-json\/wp\/v2\/tags?post=9392"}],"curies":[{"name":"wp","href":"https:\/\/api.w.org\/{rel}","templated":true}]}}