{"id":9411,"date":"2018-04-18T12:23:33","date_gmt":"2018-04-18T10:23:33","guid":{"rendered":"http:\/\/nszzp.wroclaw.pl\/?p=9411"},"modified":"2018-04-18T12:38:53","modified_gmt":"2018-04-18T10:38:53","slug":"dyzury-domowe-i-co-dalej-komunikat-rady-federacji-zwiazkow-zawodowych-sluzb-mundurowych-17-05-2018","status":"publish","type":"post","link":"http:\/\/nszzp.wroclaw.pl\/index.php\/2018\/04\/18\/dyzury-domowe-i-co-dalej-komunikat-rady-federacji-zwiazkow-zawodowych-sluzb-mundurowych-17-05-2018\/","title":{"rendered":"Dy\u017cury domowe i co dalej ? Komunikat Rady Federacji Zwi\u0105zk\u00f3w Zawodowych S\u0142u\u017cb Mundurowych 17.05.2018"},"content":{"rendered":"<div class=\"entry-content\">\n<p><strong>17 kwietnia 2018 r. w\u00a0Warszawie odby\u0142o si\u0119 posiedzenie Rady Federacji Zwi\u0105zk\u00f3w Zawodowych S\u0142u\u017cb Mundurowych. G\u0142\u00f3wnym tematem posiedzenia by\u0142o okre\u015blenie warunk\u00f3w porozumienia dotycz\u0105cego \u017c\u0105da\u0144 skierowanych w\u00a0dniu 12 marca 2018 r. do\u00a0resort\u00f3w nadzoruj\u0105cych s\u0142u\u017cby mundurowe w\u00a0zakresie:<\/strong><\/p>\n<p><img loading=\"lazy\" decoding=\"async\" class=\"blazy aligncenter size-full wp-image-9412\" src=\"http:\/\/nszzp.wroclaw.pl\/wp-content\/themes\/newsmag-pro\/assets\/images\/picture_placeholder_list.jpg\" data-src=\"http:\/\/nszzp.wroclaw.pl\/wp-content\/uploads\/2018\/04\/Federacja-Zwiazkow-Zawodowych-Sluzb-Mundurowych_dpn.jpg\" alt=\"\" width=\"730\" height=\"426\" \/><noscript><img loading=\"lazy\" decoding=\"async\" class=\"aligncenter size-full wp-image-9412\" src=\"http:\/\/nszzp.wroclaw.pl\/wp-content\/uploads\/2018\/04\/Federacja-Zwiazkow-Zawodowych-Sluzb-Mundurowych_dpn.jpg\" alt=\"\" width=\"730\" height=\"426\" \/><\/noscript><\/p>\n<ul>\n<li>Przyznania dodatkowych \u015brodk\u00f3w na\u00a0motywacyjny wzrost uposa\u017ce\u0144 w\u00a0roku bie\u017c\u0105cym, do\u00a0kwoty 650 z\u0142 w\u00a0przeliczeniu na\u00a0jednego funkcjonariusza;<\/li>\n<li>Podj\u0119cia prac legislacyjnych maj\u0105cych na\u00a0celu przywr\u00f3cenie systemu emerytalnego funkcjonariuszy, kt\u00f3ry obowi\u0105zywa\u0142 do\u00a031 grudnia 2012 r.;<\/li>\n<li>Odmro\u017cenia waloryzacji uposa\u017ce\u0144 funkcjonariuszy, o\u00a0kt\u00f3rej mowa w\u00a0art. 4 ust. 1 ustawy z\u00a0dnia 23 grudnia 1999 r. o\u00a0kszta\u0142towaniu wynagrodze\u0144 w\u00a0pa\u0144stwowej sferze bud\u017cetowej (Dz. U. z\u00a02016 r. poz. 966, 1948);<\/li>\n<li>Wprowadzenia pe\u0142nej odp\u0142atno\u015bci za\u00a0czas s\u0142u\u017cby przekraczaj\u0105cy normy okre\u015blone dla\u00a0poszczeg\u00f3lnych formacji mundurowych \u2013 nadgodziny i\u00a0s\u0142u\u017cby w\u00a0dni ustawowo wolne od pracy;<\/li>\n<li>Zr\u00f3wnania statusu funkcjonariuszy przyj\u0119tych po\u00a0raz pierwszy do\u00a0s\u0142u\u017cby po\u00a01 stycznia 1999 r. ze statusem funkcjonariuszy przyj\u0119tych przed t\u0105 dat\u0105, w\u00a0zakresie art. 15a ustawy o\u00a0zaopatrzeniu emerytalnym funkcjonariuszy (Dz. U. z\u00a02016 r. poz. 708, 2270, z\u00a02017 r. poz. 38, 715, 1321, 1386);<\/li>\n<li>Przywr\u00f3cenia pe\u0142nego uposa\u017cenia za\u00a0czas absencji chorobowej w\u00a0s\u0142u\u017cbie nieprzekraczaj\u0105cy 30 dni w\u00a0roku.<\/li>\n<li><img loading=\"lazy\" decoding=\"async\" class=\"blazy aligncenter size-large wp-image-9414\" src=\"http:\/\/nszzp.wroclaw.pl\/wp-content\/themes\/newsmag-pro\/assets\/images\/picture_placeholder_list.jpg\" data-src=\"http:\/\/nszzp.wroclaw.pl\/wp-content\/uploads\/2018\/04\/30051739_1799978490296666_5183288740326478930_o-1024x768.jpg\" alt=\"\" width=\"1024\" height=\"768\" \/><noscript><img loading=\"lazy\" decoding=\"async\" class=\"aligncenter size-large wp-image-9414\" src=\"http:\/\/nszzp.wroclaw.pl\/wp-content\/uploads\/2018\/04\/30051739_1799978490296666_5183288740326478930_o-1024x768.jpg\" alt=\"\" width=\"1024\" height=\"768\" \/><\/noscript><\/li>\n<\/ul>\n<p>Przyj\u0119te w\u00a0tej sprawie stanowisko przedstawiciele Rady Federacji przeka\u017c\u0105 Ministrowi Spraw Wewn\u0119trznych i\u00a0Administracji na\u00a0najbli\u017cszym spotkaniu, jakie ma si\u0119 odby\u0107 w\u00a0dniu 19 kwietnia 2018 r. Rada Federacji podj\u0119\u0142a r\u00f3wnie\u017c decyzj\u0119 o\u00a0przeprowadzeniu ankiety referendalnej w\u00a0sprawie og\u00f3lnopolskiej akcji protestacyjnej s\u0142u\u017cb mundurowych. W\u00a0ten spos\u00f3b funkcjonariusze uzyskaj\u0105 bezpo\u015bredni wp\u0142yw na\u00a0ocen\u0119 stanowiska Rz\u0105du w\u00a0sprawie postulat\u00f3w skierowanych w\u00a0dniu 12 marca 2018 r., i\u00a0je\u015bli zdecyduj\u0105 si\u0119 na\u00a0podj\u0119cie akcji protestacyjnej, sami okre\u015bl\u0105 formy protestu, jakie b\u0119d\u0105 wykorzystywane w\u00a0celu wyegzekwowania \u017c\u0105da\u0144.<\/p>\n<p><span style=\"color: #ff0000;\"><strong>Jednocze\u015bnie Rada FZZ SM w\u00a0zwi\u0105zku z\u00a0wyrokiem Trybuna\u0142u Sprawiedliwo\u015bci Unii Europejskiej z\u00a0dnia 21 lutego 2018 r. (Wyrok C-518\/15) dotycz\u0105cym czasu pracy w\u00a0rozumieniu dyrektywy 2003\/88\/WE Parlamentu Europejskiego i\u00a0Rady z\u00a0dnia 4 listopada 2003 r. postanowi\u0142a podj\u0105\u0107 dzia\u0142ania maj\u0105ce na\u00a0celu wprowadzenie w\u00a0\u017cycie przepis\u00f3w, kt\u00f3re czas gotowo\u015bci pracownika, kt\u00f3ry jest zobowi\u0105zany do\u00a0szybkiej reakcji na\u00a0telefon prze\u0142o\u017conego traktowa\u0107 jako czas pracy. Warto podkre\u015bli\u0107, \u017ce\u00a0Trybuna\u0142 w\u00a0wyroku wskaza\u0142, \u017ce\u00a0pozostawanie w\u00a0gotowo\u015bci w\u00a0domu z\u00a0obowi\u0105zkiem reakcji na\u00a0wezwanie znacz\u0105co ogranicza mo\u017cliwo\u015bci innych aktywno\u015bci, i\u00a0z tego powodu musi by\u0107 wi\u0119c\u00a0traktowany jako czas pracy.<\/strong><\/span><\/p>\n<p>Kolejny komunikat, po\u00a0spotkaniu z\u00a0MSWiA<\/p>\n<p>w\u00a0imieniu Federacji ZZ\u00a0SM<\/p>\n<p>Marcin Kolasa<\/p>\n<\/div>\n<div class=\"zroodloBox\"><span class=\"zrodlo\">\u017ar\u00f3d\u0142o:<\/span> <a title=\"http:\/\/www.nszzfsg.pl\/komunikat-z-posiedzenia-rady-federacji-zwiazkow-zawodowych-sluzb-mundurowych-w-dniu-17-kwietnia-2018-roku\/\" href=\"http:\/\/www.nszzfsg.pl\/komunikat-z-posiedzenia-rady-federacji-zwiazkow-zawodowych-sluzb-mundurowych-w-dniu-17-kwietnia-2018-roku\/\" target=\"_blank\" rel=\"noopener noreferrer\">http:\/\/www.nszzfsg.pl\/komunikat-z-posiedzenia-rady-federacji-zwiazkow-zawodowych-sluzb-mundurowych-w-dniu-17-kwietnia-2018-roku\/<\/a> <span class=\"date\">2018.04.18<\/span><\/div>\n","protected":false},"excerpt":{"rendered":"<p>17 kwietnia 2018 r. w\u00a0Warszawie odby\u0142o si\u0119 posiedzenie Rady Federacji Zwi\u0105zk\u00f3w Zawodowych S\u0142u\u017cb Mundurowych. G\u0142\u00f3wnym tematem posiedzenia by\u0142o okre\u015blenie warunk\u00f3w porozumienia dotycz\u0105cego \u017c\u0105da\u0144 skierowanych w\u00a0dniu 12 marca 2018 r. do\u00a0resort\u00f3w nadzoruj\u0105cych s\u0142u\u017cby mundurowe w\u00a0zakresie: Przyznania dodatkowych \u015brodk\u00f3w na\u00a0motywacyjny wzrost uposa\u017ce\u0144 w\u00a0roku bie\u017c\u0105cym, do\u00a0kwoty 650 z\u0142 w\u00a0przeliczeniu na\u00a0jednego funkcjonariusza; Podj\u0119cia prac legislacyjnych maj\u0105cych na\u00a0celu przywr\u00f3cenie systemu [&hellip;]<\/p>\n","protected":false},"author":2,"featured_media":9414,"comment_status":"closed","ping_status":"closed","sticky":false,"template":"","format":"standard","meta":{"footnotes":""},"categories":[8,28,1],"tags":[],"class_list":["post-9411","post","type-post","status-publish","format-standard","has-post-thumbnail","hentry","category-kolumna-3","category-baner","category-bez-kategorii"],"_links":{"self":[{"href":"http:\/\/nszzp.wroclaw.pl\/index.php\/wp-json\/wp\/v2\/posts\/9411","targetHints":{"allow":["GET"]}}],"collection":[{"href":"http:\/\/nszzp.wroclaw.pl\/index.php\/wp-json\/wp\/v2\/posts"}],"about":[{"href":"http:\/\/nszzp.wroclaw.pl\/index.php\/wp-json\/wp\/v2\/types\/post"}],"author":[{"embeddable":true,"href":"http:\/\/nszzp.wroclaw.pl\/index.php\/wp-json\/wp\/v2\/users\/2"}],"replies":[{"embeddable":true,"href":"http:\/\/nszzp.wroclaw.pl\/index.php\/wp-json\/wp\/v2\/comments?post=9411"}],"version-history":[{"count":3,"href":"http:\/\/nszzp.wroclaw.pl\/index.php\/wp-json\/wp\/v2\/posts\/9411\/revisions"}],"predecessor-version":[{"id":9416,"href":"http:\/\/nszzp.wroclaw.pl\/index.php\/wp-json\/wp\/v2\/posts\/9411\/revisions\/9416"}],"wp:featuredmedia":[{"embeddable":true,"href":"http:\/\/nszzp.wroclaw.pl\/index.php\/wp-json\/wp\/v2\/media\/9414"}],"wp:attachment":[{"href":"http:\/\/nszzp.wroclaw.pl\/index.php\/wp-json\/wp\/v2\/media?parent=9411"}],"wp:term":[{"taxonomy":"category","embeddable":true,"href":"http:\/\/nszzp.wroclaw.pl\/index.php\/wp-json\/wp\/v2\/categories?post=9411"},{"taxonomy":"post_tag","embeddable":true,"href":"http:\/\/nszzp.wroclaw.pl\/index.php\/wp-json\/wp\/v2\/tags?post=9411"}],"curies":[{"name":"wp","href":"https:\/\/api.w.org\/{rel}","templated":true}]}}