{"id":9459,"date":"2018-04-20T14:15:18","date_gmt":"2018-04-20T12:15:18","guid":{"rendered":"http:\/\/nszzp.wroclaw.pl\/?p=9459"},"modified":"2018-04-20T14:15:18","modified_gmt":"2018-04-20T12:15:18","slug":"nikt-wam-tyle-nie-obieca-mswia-obiecuje-beda-pelnoplatne-zwolnienia-lekarskie-dla-mundurowych","status":"publish","type":"post","link":"http:\/\/nszzp.wroclaw.pl\/index.php\/2018\/04\/20\/nikt-wam-tyle-nie-obieca-mswia-obiecuje-beda-pelnoplatne-zwolnienia-lekarskie-dla-mundurowych\/","title":{"rendered":"Nikt wam tyle nie obieca&#8230; MSWiA obiecuje: b\u0119d\u0105 pe\u0142nop\u0142atne zwolnienia lekarskie dla mundurowych."},"content":{"rendered":"<h1 class=\"entry-title\">MSWiA obiecuje: b\u0119d\u0105 pe\u0142nop\u0142atne zwolnienia lekarskie dla\u00a0mundurowych.<\/h1>\n<p><img loading=\"lazy\" decoding=\"async\" class=\"blazy aligncenter size-large wp-image-9460\" src=\"http:\/\/nszzp.wroclaw.pl\/wp-content\/themes\/newsmag-pro\/assets\/images\/picture_placeholder_list.jpg\" data-src=\"http:\/\/nszzp.wroclaw.pl\/wp-content\/uploads\/2018\/04\/DSC_0132-1024x320.jpg\" alt=\"\" width=\"1024\" height=\"320\" \/><noscript><img loading=\"lazy\" decoding=\"async\" class=\"aligncenter size-large wp-image-9460\" src=\"http:\/\/nszzp.wroclaw.pl\/wp-content\/uploads\/2018\/04\/DSC_0132-1024x320.jpg\" alt=\"\" width=\"1024\" height=\"320\" srcset=\"http:\/\/nszzp.wroclaw.pl\/wp-content\/uploads\/2018\/04\/DSC_0132-1024x320.jpg 1024w, http:\/\/nszzp.wroclaw.pl\/wp-content\/uploads\/2018\/04\/DSC_0132-300x94.jpg 300w, http:\/\/nszzp.wroclaw.pl\/wp-content\/uploads\/2018\/04\/DSC_0132-768x240.jpg 768w, http:\/\/nszzp.wroclaw.pl\/wp-content\/uploads\/2018\/04\/DSC_0132.jpg 1919w\" sizes=\"auto, (max-width: 1024px) 100vw, 1024px\" \/><\/noscript><\/p>\n<div class=\"entry-content\">\n<p>Festiwal obietnic dla\u00a0funkcjonariuszy s\u0142u\u017cb mundurowych po\u00a0spotkaniu zwi\u0105zkowc\u00f3w z\u00a0szefem MSWiA. Na\u00a0najbli\u017cszym posiedzeniu rz\u0105du Joachim Brudzi\u0144ski ma z\u0142o\u017cy\u0107 wniosek o\u00a0przywr\u00f3cenie pe\u0142nop\u0142atnych zwolnie\u0144 lekarskich. Powstanie te\u017c zesp\u00f3\u0142, kt\u00f3ry b\u0119dzie pracowa\u0142 nad\u00a0postulatami zwi\u0105zkowc\u00f3w dotycz\u0105cymi wzrostu p\u0142ac i\u00a0zmian przepis\u00f3w emerytalnych.<\/p>\n<figure id=\"attachment_9102\" class=\"wp-caption alignleft\"><img loading=\"lazy\" decoding=\"async\" class=\"blazy wp-image-9102\" src=\"http:\/\/nszzp.wroclaw.pl\/wp-content\/themes\/newsmag-pro\/assets\/images\/picture_placeholder_list.jpg\" data-src=\"http:\/\/nszzp.pl\/wp-content\/uploads\/2018\/04\/zg_21_12_13-281x193.jpg\" sizes=\"auto, (max-width: 248px) 85vw, 248px\" srcset=\"http:\/\/nszzp.pl\/wp-content\/uploads\/2018\/04\/zg_21_12_13-281x193.jpg 281w, http:\/\/nszzp.pl\/wp-content\/uploads\/2018\/04\/zg_21_12_13-768x528.jpg 768w, http:\/\/nszzp.pl\/wp-content\/uploads\/2018\/04\/zg_21_12_13-620x426.jpg 620w, http:\/\/nszzp.pl\/wp-content\/uploads\/2018\/04\/zg_21_12_13.jpg 800w\" alt=\"\" width=\"248\" height=\"170\" \/><noscript><img loading=\"lazy\" decoding=\"async\" class=\"wp-image-9102\" src=\"http:\/\/nszzp.pl\/wp-content\/uploads\/2018\/04\/zg_21_12_13-281x193.jpg\" sizes=\"auto, (max-width: 248px) 85vw, 248px\" srcset=\"http:\/\/nszzp.pl\/wp-content\/uploads\/2018\/04\/zg_21_12_13-281x193.jpg 281w, http:\/\/nszzp.pl\/wp-content\/uploads\/2018\/04\/zg_21_12_13-768x528.jpg 768w, http:\/\/nszzp.pl\/wp-content\/uploads\/2018\/04\/zg_21_12_13-620x426.jpg 620w, http:\/\/nszzp.pl\/wp-content\/uploads\/2018\/04\/zg_21_12_13.jpg 800w\" alt=\"\" width=\"248\" height=\"170\" \/><\/noscript><figcaption class=\"wp-caption-text\">Rafa\u0142 Jankowski<\/figcaption><\/figure>\n<p>Zwi\u0105zkowi liderzy podchodz\u0105 do\u00a0zapowiedzi z\u00a0ostro\u017cnym optymizmem. Zaskoczeni podkre\u015blali, \u017ce\u00a0pierwszy raz od d\u0142u\u017cszego czasu rzeczowo rozmawiano o\u00a0ich \u017c\u0105daniach. Maj\u0105 \u015bwiadomo\u015b\u0107, \u017ce\u00a0zmiany b\u0119d\u0105 wymaga\u0142y czasu, ale\u00a0\u2013<strong> jak m\u00f3wi szef NSZZ Policjant\u00f3w Rafa\u0142 Jankowski \u2013 przynajmniej rozpocz\u0119\u0142a si\u0119 dyskusja. Nie mam w\u0105tpliwo\u015bci, \u017ce\u00a0minister trze\u017awo patrzy na\u00a0te rzeczy i\u00a0widzi, \u017ce\u00a0w s\u0142u\u017cbach nie jest dobrze. St\u0105d w\u00a0ko\u0144cu mamy jaki\u015b dialog \u2013 m\u00f3wi Jankowski.<\/strong><\/p>\n<p>Wed\u0142ug szefa policyjnego zwi\u0105zku na\u00a0t\u0119 zmian\u0119 stanowiska ministerstwa w\u00a0sprawie postulat\u00f3w mundur\u00f3wki wp\u0142yw mog\u0142a mie\u0107 gro\u017aba strajku. Kilkana\u015bcie dni temu zwi\u0105zkowcy postraszyli rz\u0105d protestem w\u00a0przypadku niepodj\u0119cia z\u00a0nimi rozm\u00f3w.<\/p>\n<p>Pod\u00a0koniec marca zwi\u0105zki zawodowe s\u0142u\u017cb mundurowych podleg\u0142ych MSWiA wyst\u0105pi\u0142y m.in. z\u00a0postulatami podwy\u017cek o\u00a0650 z\u0142, powrotu do\u00a0poprzedniego systemu emerytalnego, odmro\u017cenia waloryzacji pensji, wprowadzenie stuprocentowej odp\u0142atno\u015bci za\u00a0nadgodziny.<\/p>\n<p>W\u00a0komunikacie po\u00a0spotkaniu MSWiA poinformowa\u0142o, \u017ce\u00a0od 1 stycznia przysz\u0142ego roku policjanci, stra\u017cacy, pracownicy Stra\u017cy Granicznej i\u00a0S\u0142u\u017cby Ochrony Pa\u0144stwa b\u0119d\u0105 zarabia\u0107 \u015brednio o\u00a0ponad 800 z\u0142 wi\u0119cej ni\u017c w\u00a02015 r., a\u00a0wynagrodzenia pracownik\u00f3w cywilnych wzrosn\u0105 \u015brednio o\u00a0750 z\u0142.<\/p>\n<p>Krzysztof Zasada<\/p>\n<\/div>\n<div class=\"zroodloBox\"><span class=\"zrodlo\">\u017ar\u00f3d\u0142o:<\/span> <a title=\"http:\/\/www.rmf24.pl\/fakty\/polska\/news-mswia-obiecuje-beda-pelnoplatne-zwolnienia-lekarskie-dla-mun,nId,2571343#utm_source=paste&amp;utm_medium=paste&amp;utm_campaign=chrome\" href=\"http:\/\/www.rmf24.pl\/fakty\/polska\/news-mswia-obiecuje-beda-pelnoplatne-zwolnienia-lekarskie-dla-mun,nId,2571343#utm_source=paste&amp;utm_medium=paste&amp;utm_campaign=chrome\" target=\"_blank\" rel=\"noopener noreferrer\">http:\/\/www.rmf24.pl\/fakty\/polska\/news-mswia-obiecuje-beda-pelnoplatne-zwolnienia-lekarskie-dla-mun,nId,2571343#utm_source=paste&amp;utm_medium=paste&amp;utm_campaign=chrome<\/a> <span class=\"date\">2018.04.19<\/span><\/div>\n","protected":false},"excerpt":{"rendered":"<p>MSWiA obiecuje: b\u0119d\u0105 pe\u0142nop\u0142atne zwolnienia lekarskie dla\u00a0mundurowych. Festiwal obietnic dla\u00a0funkcjonariuszy s\u0142u\u017cb mundurowych po\u00a0spotkaniu zwi\u0105zkowc\u00f3w z\u00a0szefem MSWiA. Na\u00a0najbli\u017cszym posiedzeniu rz\u0105du Joachim Brudzi\u0144ski ma z\u0142o\u017cy\u0107 wniosek o\u00a0przywr\u00f3cenie pe\u0142nop\u0142atnych zwolnie\u0144 lekarskich. Powstanie te\u017c zesp\u00f3\u0142, kt\u00f3ry b\u0119dzie pracowa\u0142 nad\u00a0postulatami zwi\u0105zkowc\u00f3w dotycz\u0105cymi wzrostu p\u0142ac i\u00a0zmian przepis\u00f3w emerytalnych. Rafa\u0142 Jankowski Zwi\u0105zkowi liderzy podchodz\u0105 do\u00a0zapowiedzi z\u00a0ostro\u017cnym optymizmem. Zaskoczeni podkre\u015blali, \u017ce\u00a0pierwszy raz od [&hellip;]<\/p>\n","protected":false},"author":2,"featured_media":9460,"comment_status":"closed","ping_status":"closed","sticky":false,"template":"","format":"standard","meta":{"footnotes":""},"categories":[8,28,1],"tags":[],"class_list":["post-9459","post","type-post","status-publish","format-standard","has-post-thumbnail","hentry","category-kolumna-3","category-baner","category-bez-kategorii"],"_links":{"self":[{"href":"http:\/\/nszzp.wroclaw.pl\/index.php\/wp-json\/wp\/v2\/posts\/9459","targetHints":{"allow":["GET"]}}],"collection":[{"href":"http:\/\/nszzp.wroclaw.pl\/index.php\/wp-json\/wp\/v2\/posts"}],"about":[{"href":"http:\/\/nszzp.wroclaw.pl\/index.php\/wp-json\/wp\/v2\/types\/post"}],"author":[{"embeddable":true,"href":"http:\/\/nszzp.wroclaw.pl\/index.php\/wp-json\/wp\/v2\/users\/2"}],"replies":[{"embeddable":true,"href":"http:\/\/nszzp.wroclaw.pl\/index.php\/wp-json\/wp\/v2\/comments?post=9459"}],"version-history":[{"count":1,"href":"http:\/\/nszzp.wroclaw.pl\/index.php\/wp-json\/wp\/v2\/posts\/9459\/revisions"}],"predecessor-version":[{"id":9461,"href":"http:\/\/nszzp.wroclaw.pl\/index.php\/wp-json\/wp\/v2\/posts\/9459\/revisions\/9461"}],"wp:featuredmedia":[{"embeddable":true,"href":"http:\/\/nszzp.wroclaw.pl\/index.php\/wp-json\/wp\/v2\/media\/9460"}],"wp:attachment":[{"href":"http:\/\/nszzp.wroclaw.pl\/index.php\/wp-json\/wp\/v2\/media?parent=9459"}],"wp:term":[{"taxonomy":"category","embeddable":true,"href":"http:\/\/nszzp.wroclaw.pl\/index.php\/wp-json\/wp\/v2\/categories?post=9459"},{"taxonomy":"post_tag","embeddable":true,"href":"http:\/\/nszzp.wroclaw.pl\/index.php\/wp-json\/wp\/v2\/tags?post=9459"}],"curies":[{"name":"wp","href":"https:\/\/api.w.org\/{rel}","templated":true}]}}