{"id":9482,"date":"2018-04-21T10:19:44","date_gmt":"2018-04-21T08:19:44","guid":{"rendered":"http:\/\/nszzp.wroclaw.pl\/?p=9482"},"modified":"2018-04-21T10:19:44","modified_gmt":"2018-04-21T08:19:44","slug":"pieciotysiecznik-trafiony-zatopiony","status":"publish","type":"post","link":"http:\/\/nszzp.wroclaw.pl\/index.php\/2018\/04\/21\/pieciotysiecznik-trafiony-zatopiony\/","title":{"rendered":"&#8222;Pi\u0119ciotysi\u0119cznik&#8221; trafiony, zatopiony"},"content":{"rendered":"<h2>&#8222;Pi\u0119ciotysi\u0119cznik&#8221; trafiony, zatopiony<\/h2>\n<p>&nbsp;<\/p>\n<p><strong>Temat dzielnicowego &#8211; &#8222;pi\u0119ciotysi\u0119cznika&#8221; nadal bulwersuje \u015brodowisko policyjne na forach internetowych. Publikowane s\u0105 skany przelew\u00f3w uposa\u017ce\u0144 na konta, ba &#8211; ca\u0142e listy p\u0142ac zawieraj\u0105ce kwoty dalekie od ministerialnych 5 &#8211; tysi\u0119cy.<\/strong><\/p>\n<p><img loading=\"lazy\" decoding=\"async\" class=\"blazy aligncenter size-full wp-image-9483\" src=\"http:\/\/nszzp.wroclaw.pl\/wp-content\/themes\/newsmag-pro\/assets\/images\/picture_placeholder_list.jpg\" data-src=\"http:\/\/nszzp.wroclaw.pl\/wp-content\/uploads\/2018\/04\/minister_pila_dpn.jpg\" alt=\"\" width=\"730\" height=\"426\" \/><noscript><img loading=\"lazy\" decoding=\"async\" class=\"aligncenter size-full wp-image-9483\" src=\"http:\/\/nszzp.wroclaw.pl\/wp-content\/uploads\/2018\/04\/minister_pila_dpn.jpg\" alt=\"\" width=\"730\" height=\"426\" srcset=\"http:\/\/nszzp.wroclaw.pl\/wp-content\/uploads\/2018\/04\/minister_pila_dpn.jpg 730w, http:\/\/nszzp.wroclaw.pl\/wp-content\/uploads\/2018\/04\/minister_pila_dpn-300x175.jpg 300w\" sizes=\"auto, (max-width: 730px) 100vw, 730px\" \/><\/noscript><\/p>\n<p>Rozgoryczeni internauci nadal te\u017c zamieszczaj\u0105 memy, w\u00a0kt\u00f3rych starszy dzielnicowy ukazywany jest jako prawdziwy krezus, nabab etc.<\/p>\n<p>A tymczasem minister Zieli\u0144ski publikuje o\u015bwiadczenie na swoim profilu na FB oraz na Twitterze, w\u00a0kt\u00f3rym podtrzymuje swoje s\u0142owa o\u00a0wynagrodzeniu policjant\u00f3w wypowiedziane w\u00a0programie &#8222;Warto rozmawia\u0107&#8221;. Twierdzi, \u017ce liczby, kt\u00f3re poda\u0142 wynikaj\u0105 z\u00a0materia\u0142\u00f3w, kt\u00f3rymi dysponuje MSWiA.<\/p>\n<p>Zamieszczamy w\u00a0za\u0142\u0105czniku kilka skan\u00f3w przelew\u00f3w i\u00a0kilka list p\u0142ac opublikowanych na FB, w\u00a0kt\u00f3rych autentyczno\u015b\u0107 trudno w\u0105tpi\u0107. Zamieszczamy te\u017c z\u00a0dziennikarskiego obowi\u0105zku o\u015bwiadczenie ministra.<br \/>\nJe\u015bli w\u00a0istocie resort dysponuje takimi danymi, jakie podaje minister, przy nich si\u0119 upiera, i\u00a0je propaguje w\u00a0gronie os\u00f3b decyzyjnych w\u00a0kraju, to mo\u017ce t\u0142umaczy\u0107 to op\u00f3r w\u0142adz na dokonanie odczuwalnych podwy\u017cek dla s\u0142u\u017cb mundurowych. Z\u00a0drugiej strony &#8211; czym wobec tego MSWiA t\u0142umaczy na posiedzeniach rz\u0105du rosn\u0105c\u0105 ilo\u015b\u0107 wakat\u00f3w, malej\u0105c\u0105 liczb\u0119 kandydat\u00f3w i\u00a0masowe odej\u015bcia ze s\u0142u\u017cby do\u015bwiadczonych funkcjonariuszy. Wszystkiego na niech\u0119\u0107 opozycyjnych medi\u00f3w nie da si\u0119 zgoni\u0107.<\/p>\n<p>Dla pisz\u0105cego te s\u0142owa, kt\u00f3ry od 2010 roku relacjonuje i\u00a0dokumentuje wszystkie protesty s\u0142u\u017cb mundurowych, najbardziej przykrym zgrzytem w\u00a0wypowiedzi ministra podczas programu J. Pospieszalskiego by\u0142o stwierdzenie, \u017ce &#8222;za rz\u0105d\u00f3w poprzedniej koalicji podwy\u017cek nie by\u0142o a\u00a0zwi\u0105zkowcy nie protestowali&#8221;. Trudno o\u00a0przyk\u0142ad bardziej jaskrawej amnezji, bo przecie\u017c minister Zieli\u0144ski pozostaj\u0105cy w\u00a0tych latach w\u00a0opozycji, pojawia\u0142 si\u0119 na ka\u017cdym prote\u015bcie s\u0142u\u017cb mundurowych, by zbiera\u0107 punkty u\u00a0zwi\u0105zkowc\u00f3w. Minister nie zamie\u015bci\u0142 \u017cadnego sprostowania tych obra\u017aliwych s\u0142\u00f3w wypowiedzianych pod adresem zwi\u0105zkowc\u00f3w. Jest nam zwyczajnie przykro.<\/p>\n<p>Gdy pracuj\u0119 nad tym tekstem, na TVP INFO trwa kolejna relacja z\u00a0wizyty ministra Brudzi\u0144skiego, tym razem na odprawie z\u00a0komendantami Policji i\u00a0Stra\u017cy Po\u017carnej w\u00a0woj. wielkopolskim. Pad\u0142o z\u00a0ust ministra m.in bardzo odkrywcze stwierdzenie: &#8222;to nie wina funkcjonariuszy, ale polityk\u00f3w, \u017ce tych \u015brodk\u00f3w na bezpiecze\u0144stwo by\u0142o za ma\u0142o&#8230;&#8221;, a\u00a0poza tym to co zawsze &#8211; pierwsza podwy\u017cka w\u00a0maju, nast\u0119pna w\u00a0przysz\u0142ym roku i\u00a0uwaga! S\u0105 to podwy\u017cki kwotowe. Minister wypowiedzia\u0142 wiele ciep\u0142ych s\u0142\u00f3w pod adresem funkcjonariuszy i\u00a0podzi\u0119kowa\u0144. No c\u00f3\u017c, jest takie powiedzenie: za dzi\u0119kuj\u0119, si\u0119 nie kupuje&#8230;<\/p>\n<p>Sw\u00f3j stosunek do stanowiska MSWiA w\u00a0kwestii uposa\u017ce\u0144 funkcjonariuszy, do tej telenoweli medialnej o\u00a0&#8222;podwy\u017ckach dla mundur\u00f3wki&#8221;, do tej neverending story o\u00a0mapie i\u00a0posterunkach, jak\u0105 serwuje w\u00a0odcinkach telewizja, przede wszystkim do mo\u017cliwo\u015bci nabywczych swojego uposa\u017cenia, ka\u017cdy b\u0119dzie m\u00f3g\u0142 wkr\u00f3tce wyrazi\u0107 w\u00a0specjalnej ankiecie, kt\u00f3rej rozes\u0142anie zapowiedzia\u0142a Federacja Zwi\u0105zk\u00f3w Zawodowych S\u0142u\u017cb Mundurowych po spotkaniu w\u00a0MSWiA. Ankieta znajdzie si\u0119 tak\u017ce na stronach internetowych.<\/p>\n<p>in\u017c. Mamo\u0144<\/p>\n<p><strong>O\u015bwiadczenie Ministra Zieli\u0144skiego na FB<\/strong><\/p>\n<p>Jaros\u0142aw Zieli\u0144ski 18 kwietnia o\u00a011:30<\/p>\n<p><em>&#8222;W zwi\u0105zku z\u00a0nieuzasadnionymi zarzutami dotycz\u0105cymi danych o\u00a0wysoko\u015bci wynagrodzenia policjant\u00f3w, formu\u0142owanymi przez przewodnicz\u0105cego ZG NSZZ Policjant\u00f3w Rafa\u0142a Jankowskiego informuj\u0119, \u017ce w\u00a0programie \u201eWarto rozmawia\u0107\u201d w\u00a0TVP 1 poda\u0142em prawdziwe informacje odno\u015bnie uposa\u017cenia funkcjonariuszy Policji w\u00a0przywo\u0142anych przyk\u0142adowo grupach p\u0142acowych.\u015arednie uposa\u017cenie pocz\u0105tkuj\u0105cego policjanta brutto wraz z\u00a0nagrod\u0105 roczn\u0105 <strong>wynosi 3705,92 z\u0142 (grupa II).\u00a0<\/strong>\u015arednie uposa\u017cenie brutto z\u00a0nagrod\u0105 roczn\u0105 policjanta we wskazanej przeze mnie<strong> grupie VI wynosi 5626,91 z\u0142.<\/strong>\u00a0Prawd\u0105 jest te\u017c, \u017ce \u015brednie uposa\u017cenie z\u00a0nagrod\u0105 roczn\u0105 brutto w\u00a0grupie, do kt\u00f3rej nale\u017cy starszy dzielnicowy wynosi<strong> ok. 5 tys. z\u0142, a\u00a0dok\u0142adnie 4928,12 z\u0142.<\/strong>Informacje podane w\u00a0programie by\u0142y oparte na danych z\u00a0baz p\u0142acowych Policji&#8221; \u00a0<\/em><\/p>\n<p><a href=\"https:\/\/pl-pl.facebook.com\/ZielinskiJaro\">\u0179r\u00f3d\u0142o<\/a><\/p>\n<div class=\"phocadownloadfile32\"><a href=\"https:\/\/zwnszzp.olsztyn.pl\/component\/phocadownload\/category\/1-do-art?download=147:pieciotysiecznik-trafiony-zatopiony\" target=\"_self\">Lista_1<\/a><\/div>\n<div class=\"phocadownloadfile32\"><a href=\"https:\/\/zwnszzp.olsztyn.pl\/component\/phocadownload\/category\/1-do-art?download=148:pieciotysiecznik-trafiony-zatopiony\" target=\"_self\">lista_2<\/a><\/div>\n<div class=\"phocadownloadfile32\"><a href=\"https:\/\/zwnszzp.olsztyn.pl\/component\/phocadownload\/category\/1-do-art?download=149:pieciotysiecznik-trafiony-zatopiony\" target=\"_self\">Lista_3<\/a><\/div>\n<div class=\"phocadownloadfile32\"><a href=\"https:\/\/zwnszzp.olsztyn.pl\/component\/phocadownload\/category\/1-do-art?download=150:pieciotysiecznik-trafiony-zatopiony\" target=\"_self\">Lista_4<\/a><\/div>\n<div class=\"phocadownloadfile32\"><a href=\"https:\/\/zwnszzp.olsztyn.pl\/component\/phocadownload\/category\/1-do-art?download=151:pieciotysiecznik-trafiony-zatopiony\" target=\"_self\">Lista_5<\/a><\/div>\n<div class=\"phocadownloadfile32\"><a href=\"https:\/\/zwnszzp.olsztyn.pl\/component\/phocadownload\/category\/1-do-art?download=152:pieciotysiecznik-trafiony-zatopiony\" target=\"_self\">Lista_6<\/a><\/div>\n<div class=\"phocadownloadfile32\"><a href=\"https:\/\/zwnszzp.olsztyn.pl\/component\/phocadownload\/category\/1-do-art?download=153:pieciotysiecznik-trafiony-zatopiony\" target=\"_self\">Grupa_zaszeregowania_2_5<\/a><\/div>\n<div class=\"phocadownloadfile32\"><a href=\"https:\/\/zwnszzp.olsztyn.pl\/component\/phocadownload\/category\/1-do-art?download=154:pieciotysiecznik-trafiony-zatopiony\" target=\"_self\">NSZZ_gr_2_5<\/a><\/div>\n<div class=\"phocadownloadfile32\"><\/div>\n<div class=\"phocadownloadfile32\">\u017ar\u00f3d\u0142o: <a href=\"https:\/\/zwnszzp.olsztyn.pl\/w-krzywym-zwierciadle\/1113-pieciotysiecznik-trafiony-zatopiony\" target=\"_blank\" rel=\"noopener noreferrer\">https:\/\/zwnszzp.olsztyn.pl\/w-krzywym-zwierciadle\/1113-pieciotysiecznik-trafiony-zatopiony<\/a><\/div>\n","protected":false},"excerpt":{"rendered":"<p>&#8222;Pi\u0119ciotysi\u0119cznik&#8221; trafiony, zatopiony &nbsp; Temat dzielnicowego &#8211; &#8222;pi\u0119ciotysi\u0119cznika&#8221; nadal bulwersuje \u015brodowisko policyjne na forach internetowych. Publikowane s\u0105 skany przelew\u00f3w uposa\u017ce\u0144 na konta, ba &#8211; ca\u0142e listy p\u0142ac zawieraj\u0105ce kwoty dalekie od ministerialnych 5 &#8211; tysi\u0119cy. Rozgoryczeni internauci nadal te\u017c zamieszczaj\u0105 memy, w\u00a0kt\u00f3rych starszy dzielnicowy ukazywany jest jako prawdziwy krezus, nabab etc. A tymczasem minister Zieli\u0144ski [&hellip;]<\/p>\n","protected":false},"author":2,"featured_media":9483,"comment_status":"closed","ping_status":"closed","sticky":false,"template":"","format":"standard","meta":{"footnotes":""},"categories":[8,28,1],"tags":[],"class_list":["post-9482","post","type-post","status-publish","format-standard","has-post-thumbnail","hentry","category-kolumna-3","category-baner","category-bez-kategorii"],"_links":{"self":[{"href":"http:\/\/nszzp.wroclaw.pl\/index.php\/wp-json\/wp\/v2\/posts\/9482","targetHints":{"allow":["GET"]}}],"collection":[{"href":"http:\/\/nszzp.wroclaw.pl\/index.php\/wp-json\/wp\/v2\/posts"}],"about":[{"href":"http:\/\/nszzp.wroclaw.pl\/index.php\/wp-json\/wp\/v2\/types\/post"}],"author":[{"embeddable":true,"href":"http:\/\/nszzp.wroclaw.pl\/index.php\/wp-json\/wp\/v2\/users\/2"}],"replies":[{"embeddable":true,"href":"http:\/\/nszzp.wroclaw.pl\/index.php\/wp-json\/wp\/v2\/comments?post=9482"}],"version-history":[{"count":1,"href":"http:\/\/nszzp.wroclaw.pl\/index.php\/wp-json\/wp\/v2\/posts\/9482\/revisions"}],"predecessor-version":[{"id":9484,"href":"http:\/\/nszzp.wroclaw.pl\/index.php\/wp-json\/wp\/v2\/posts\/9482\/revisions\/9484"}],"wp:featuredmedia":[{"embeddable":true,"href":"http:\/\/nszzp.wroclaw.pl\/index.php\/wp-json\/wp\/v2\/media\/9483"}],"wp:attachment":[{"href":"http:\/\/nszzp.wroclaw.pl\/index.php\/wp-json\/wp\/v2\/media?parent=9482"}],"wp:term":[{"taxonomy":"category","embeddable":true,"href":"http:\/\/nszzp.wroclaw.pl\/index.php\/wp-json\/wp\/v2\/categories?post=9482"},{"taxonomy":"post_tag","embeddable":true,"href":"http:\/\/nszzp.wroclaw.pl\/index.php\/wp-json\/wp\/v2\/tags?post=9482"}],"curies":[{"name":"wp","href":"https:\/\/api.w.org\/{rel}","templated":true}]}}