{"id":9519,"date":"2018-04-23T13:40:02","date_gmt":"2018-04-23T11:40:02","guid":{"rendered":"http:\/\/nszzp.wroclaw.pl\/?p=9519"},"modified":"2018-05-29T15:22:01","modified_gmt":"2018-05-29T13:22:01","slug":"wypelnij-ankiete-stanowisko-prezydium-zarzadu-wojewodztwa-dolnoslaskiego-nszz-policjantow","status":"publish","type":"post","link":"http:\/\/nszzp.wroclaw.pl\/index.php\/2018\/04\/23\/wypelnij-ankiete-stanowisko-prezydium-zarzadu-wojewodztwa-dolnoslaskiego-nszz-policjantow\/","title":{"rendered":"Wype\u0142nij ankiet\u0119. Stanowisko Prezydium Zarz\u0105du Wojew\u00f3dztwa Dolno\u015bl\u0105skiego NSZZ Policjant\u00f3w"},"content":{"rendered":"<h3 style=\"text-align: center;\">Pobierz i wype\u0142nij ankiet\u0119, albo zr\u00f3b to <em><a href=\"http:\/\/nszzp.pl\/referendum-ws-ogolnokrajowej-akcji-protestacyjnej-sluzb-mundurowych\/\" target=\"_blank\" rel=\"noopener noreferrer\"><span style=\"color: #ff0000;\">TUTAJ.<\/span> <\/a><\/em><\/h3>\n<p>Wz\u00f3r ankiety i plik do pobrania na dole artyku\u0142u. Wype\u0142niane ankiety prosz\u0119 dostarczy\u0107 swojemu przewodnicz\u0105cemu terenowemu, albo do siedziby zarz\u0105du wojew\u00f3dzkiego. Ankiet\u0119 powinni wype\u0142ni\u0107 wszyscy policjanci, bez wzgl\u0119du na przynale\u017cno\u015b\u0107 zwi\u0105zkow\u0105. My\u015bl\u0119, \u017ce wszyscy mamy podobne cele. Dlatego warto teraz pokaza\u0107 \u017ce jeste\u015bmy razem i razem dopniemy swojego celu. A wszelkie podzia\u0142y b\u0119d\u0105 wykorzystane przeciwko nam. Mo\u017cemy mie\u0107 i powinni\u015bmy mie\u0107 ro\u017cne zdania, ale wyra\u017cajmy je w odpowiednich miejscach do tego. <a href=\"http:\/\/nszzp.pl\/referendum-ws-ogolnokrajowej-akcji-protestacyjnej-sluzb-mundurowych\/\" target=\"_blank\" rel=\"noopener noreferrer\"><span style=\"color: #0000ff;\">(Wersja elektroniczna ankiety dost\u0119pna od 24 kwietnia 2018 r. )<\/span> <\/a><\/p>\n<p><a href=\"http:\/\/nszzp.pl\/referendum-ws-ogolnokrajowej-akcji-protestacyjnej-sluzb-mundurowych\/\" target=\"_blank\" rel=\"noopener noreferrer\"><img loading=\"lazy\" decoding=\"async\" class=\"blazy aligncenter wp-image-9525 size-full\" src=\"http:\/\/nszzp.wroclaw.pl\/wp-content\/themes\/newsmag-pro\/assets\/images\/picture_placeholder_list.jpg\" data-src=\"http:\/\/nszzp.wroclaw.pl\/wp-content\/uploads\/2018\/04\/ankieta.png\" alt=\"\" width=\"350\" height=\"170\" \/><noscript><img loading=\"lazy\" decoding=\"async\" class=\"aligncenter wp-image-9525 size-full\" src=\"http:\/\/nszzp.wroclaw.pl\/wp-content\/uploads\/2018\/04\/ankieta.png\" alt=\"\" width=\"350\" height=\"170\" srcset=\"http:\/\/nszzp.wroclaw.pl\/wp-content\/uploads\/2018\/04\/ankieta.png 350w, http:\/\/nszzp.wroclaw.pl\/wp-content\/uploads\/2018\/04\/ankieta-300x146.png 300w\" sizes=\"auto, (max-width: 350px) 100vw, 350px\" \/><\/noscript><\/a><\/p>\n<p>Poni\u017cej stanowisko Prezydium Zarz\u0105du Wojew\u00f3dzkiego NSZZ Policjant\u00f3w woj. dolno\u015bl\u0105skiego<\/p>\n<p>Prezydium Zarz\u0105du Wojew\u00f3dzkiego NSZZ Policjant\u00f3w wojew\u00f3dztwa dolno\u015bl\u0105skiego dzia\u0142aj\u0105c w imieniu funkcjonariuszek i funkcjonariuszy garnizonu dolno\u015bl\u0105skiego, po zapoznaniu si\u0119 z tre\u015bci\u0105 komunikatu po spotkaniu z kierownictwem MSWiA do kt\u00f3rego dosz\u0142o w dniu 19 kwietnia 2018r, \u00a0wyra\u017ca swoje g\u0142\u0119bokie zaniepokojenie i dezaprobat\u0119 z powodu braku konkretnych i szybkich decyzji w zakresie podnoszonych przez mundurowych postulat\u00f3w.<\/p>\n<p><img loading=\"lazy\" decoding=\"async\" class=\"blazy aligncenter size-large wp-image-9520\" src=\"http:\/\/nszzp.wroclaw.pl\/wp-content\/themes\/newsmag-pro\/assets\/images\/picture_placeholder_list.jpg\" data-src=\"http:\/\/nszzp.wroclaw.pl\/wp-content\/uploads\/2018\/04\/DSC_0191-1024x320.jpg\" alt=\"\" width=\"1024\" height=\"320\" \/><noscript><img loading=\"lazy\" decoding=\"async\" class=\"aligncenter size-large wp-image-9520\" src=\"http:\/\/nszzp.wroclaw.pl\/wp-content\/uploads\/2018\/04\/DSC_0191-1024x320.jpg\" alt=\"\" width=\"1024\" height=\"320\" srcset=\"http:\/\/nszzp.wroclaw.pl\/wp-content\/uploads\/2018\/04\/DSC_0191-1024x320.jpg 1024w, http:\/\/nszzp.wroclaw.pl\/wp-content\/uploads\/2018\/04\/DSC_0191-300x94.jpg 300w, http:\/\/nszzp.wroclaw.pl\/wp-content\/uploads\/2018\/04\/DSC_0191-768x240.jpg 768w, http:\/\/nszzp.wroclaw.pl\/wp-content\/uploads\/2018\/04\/DSC_0191.jpg 1919w\" sizes=\"auto, (max-width: 1024px) 100vw, 1024px\" \/><\/noscript><\/p>\n<p>Uwa\u017camy, \u017ce pozytywne ustosunkowanie si\u0119 tylko do jednego problemu nurtuj\u0105cego nasze \u015brodowisko, a wi\u0119c pe\u0142nop\u0142atnych \u015bwiadcze\u0144 w trakcie pobytu na zwolnieniach lekarskich jest bagatelizowaniem trudnej sytuacji w s\u0142u\u017cbach mundurowych. Zapewnienia w zakresie l- 4 sk\u0142ada\u0142 ju\u017c wielokrotnie poprzedni Minister, kt\u00f3ry akceptowa\u0142 wprowadzenie 30 dni pe\u0142nop\u0142atnych \u015bwiadcze\u0144, dlatego na dzie\u0144 dzisiejszy ten temat wg naszej oceny ju\u017c dawno powinien by\u0107 zrealizowany.<\/p>\n<p>Dzi\u015b \u015brodowisko nasze oczekuje konkretnych podwy\u017cek uposa\u017ce\u0144 nie tylko dla wybranych grup zaszeregowania i \u00a0tych w ramach Ustawy Modernizacyjnej. Obecny czas a mianowicie przygotowania do za\u0142o\u017ce\u0144 bud\u017cetowych na 2019r, jest w\u0142a\u015bciwym okresem na przedstawienie faktycznych rozwi\u0105za\u0144 w zakresie p\u0142ac funkcjonariuszy, jak cho\u0107by nawet odmro\u017cenie waloryzacji p\u0142ac.<\/p>\n<p>Nie mniej istotne s\u0105 postulaty w zakresie art. 15 a Ustawy o zaopatrzeniu emerytalnym oraz przywr\u00f3cenia systemu emerytalnego sprzed wprowadzenia zmian, bo tylko takimi konkretnymi dzia\u0142aniami obecny rz\u0105d mo\u017ce zach\u0119ci\u0107 m\u0142odych ludzi do wst\u0119powania do formacji mundurowych. Tym samym, mo\u017cna b\u0119dzie\u00a0 zach\u0119ci\u0107 do\u015bwiadczonych funkcjonariuszy do dalszego pozostania w s\u0142u\u017cbie.<\/p>\n<p>W naszym odczuciu\u00a0 kolejne powo\u0142ywanie komisji ma na celu tylko wyd\u0142u\u017cenie czasu na realizacj\u0119 sk\u0142adanych uprzednio obietnic.\u00a0 A my ju\u017c dzi\u015b do\u015bwiadczamy g\u0142\u0119bokich brak\u00f3w kadrowych\u00a0 i narastaj\u0105cej frustracji w\u015br\u00f3d pracuj\u0105cych funkcjonariuszy, co raz cz\u0119\u015bciej deklaruj\u0105cych ch\u0119\u0107 odej\u015bcia do lepiej p\u0142atnej pracy.<\/p>\n<p>Prezydium\u00a0 ZW NSZZ Policjant\u00f3w woj. dolno\u015bl\u0105skiego<\/p>\n<h4 style=\"text-align: center;\"><img loading=\"lazy\" decoding=\"async\" class=\"blazy aligncenter size-large wp-image-9523\" src=\"http:\/\/nszzp.wroclaw.pl\/wp-content\/themes\/newsmag-pro\/assets\/images\/picture_placeholder_list.jpg\" data-src=\"http:\/\/nszzp.wroclaw.pl\/wp-content\/uploads\/2018\/04\/ankieta-referendalna-753x1024.jpg\" alt=\"\" width=\"753\" height=\"1024\" \/><noscript><img loading=\"lazy\" decoding=\"async\" class=\"aligncenter size-large wp-image-9523\" src=\"http:\/\/nszzp.wroclaw.pl\/wp-content\/uploads\/2018\/04\/ankieta-referendalna-753x1024.jpg\" alt=\"\" width=\"753\" height=\"1024\" srcset=\"http:\/\/nszzp.wroclaw.pl\/wp-content\/uploads\/2018\/04\/ankieta-referendalna-753x1024.jpg 753w, http:\/\/nszzp.wroclaw.pl\/wp-content\/uploads\/2018\/04\/ankieta-referendalna-221x300.jpg 221w, http:\/\/nszzp.wroclaw.pl\/wp-content\/uploads\/2018\/04\/ankieta-referendalna-768x1045.jpg 768w\" sizes=\"auto, (max-width: 753px) 100vw, 753px\" \/><\/noscript> <a href=\"http:\/\/nszzp.wroclaw.pl\/wp-content\/uploads\/2018\/04\/ankieta-referendalna.pdf\" target=\"_blank\" rel=\"noopener noreferrer\">Pobierz i Wype\u0142nij<\/a><\/h4>\n","protected":false},"excerpt":{"rendered":"<p>Pobierz i wype\u0142nij ankiet\u0119, albo zr\u00f3b to TUTAJ. Wz\u00f3r ankiety i plik do pobrania na dole artyku\u0142u. Wype\u0142niane ankiety prosz\u0119 dostarczy\u0107 swojemu przewodnicz\u0105cemu terenowemu, albo do siedziby zarz\u0105du wojew\u00f3dzkiego. Ankiet\u0119 powinni wype\u0142ni\u0107 wszyscy policjanci, bez wzgl\u0119du na przynale\u017cno\u015b\u0107 zwi\u0105zkow\u0105. My\u015bl\u0119, \u017ce wszyscy mamy podobne cele. Dlatego warto teraz pokaza\u0107 \u017ce jeste\u015bmy razem i razem dopniemy [&hellip;]<\/p>\n","protected":false},"author":2,"featured_media":9528,"comment_status":"closed","ping_status":"closed","sticky":false,"template":"","format":"standard","meta":{"footnotes":""},"categories":[446],"tags":[],"class_list":["post-9519","post","type-post","status-publish","format-standard","has-post-thumbnail","hentry","category-przeglad"],"_links":{"self":[{"href":"http:\/\/nszzp.wroclaw.pl\/index.php\/wp-json\/wp\/v2\/posts\/9519","targetHints":{"allow":["GET"]}}],"collection":[{"href":"http:\/\/nszzp.wroclaw.pl\/index.php\/wp-json\/wp\/v2\/posts"}],"about":[{"href":"http:\/\/nszzp.wroclaw.pl\/index.php\/wp-json\/wp\/v2\/types\/post"}],"author":[{"embeddable":true,"href":"http:\/\/nszzp.wroclaw.pl\/index.php\/wp-json\/wp\/v2\/users\/2"}],"replies":[{"embeddable":true,"href":"http:\/\/nszzp.wroclaw.pl\/index.php\/wp-json\/wp\/v2\/comments?post=9519"}],"version-history":[{"count":5,"href":"http:\/\/nszzp.wroclaw.pl\/index.php\/wp-json\/wp\/v2\/posts\/9519\/revisions"}],"predecessor-version":[{"id":9576,"href":"http:\/\/nszzp.wroclaw.pl\/index.php\/wp-json\/wp\/v2\/posts\/9519\/revisions\/9576"}],"wp:featuredmedia":[{"embeddable":true,"href":"http:\/\/nszzp.wroclaw.pl\/index.php\/wp-json\/wp\/v2\/media\/9528"}],"wp:attachment":[{"href":"http:\/\/nszzp.wroclaw.pl\/index.php\/wp-json\/wp\/v2\/media?parent=9519"}],"wp:term":[{"taxonomy":"category","embeddable":true,"href":"http:\/\/nszzp.wroclaw.pl\/index.php\/wp-json\/wp\/v2\/categories?post=9519"},{"taxonomy":"post_tag","embeddable":true,"href":"http:\/\/nszzp.wroclaw.pl\/index.php\/wp-json\/wp\/v2\/tags?post=9519"}],"curies":[{"name":"wp","href":"https:\/\/api.w.org\/{rel}","templated":true}]}}